{"id":57839,"date":"2022-03-30T09:11:09","date_gmt":"2022-03-30T04:11:09","guid":{"rendered":"https:\/\/zamanturkmenistan.com.tm\/?p=57839"},"modified":"2022-03-30T13:14:48","modified_gmt":"2022-03-30T08:14:48","slug":"apple-i-hazirki-derejesine-cykaran-zehin","status":"publish","type":"post","link":"https:\/\/zamanturkmenistan.com.tm\/?p=57839","title":{"rendered":"\u201cApple\u201d-i h\u00e4zirki derejesine \u00e7ykaran zehin"},"content":{"rendered":"<p>\u201cApple\u201d -i\u0148 esaslandyryjysy Stiw Jobsu\u0148 be\u00fdik zehini barada \u00fd\u00fczler\u00e7e makala we kitap \u00fdazyldy. Ba\u015farja\u0148 i\u015few\u00fcr teleke\u00e7iligi \u00fdokary derej\u00e4 \u00fdetirmegi ba\u015fardy. \u201cApple\u201d-i\u0148 h\u00e4zirki \u00fdolba\u015f\u00e7ysy bolan Tim Kuku\u0148 h\u00e4zirki derej\u00e4 n\u00e4hili \u00fdetendigini bil\u00fd\u00e4rsi\u0148izmi?! Doly ady Timoti Donald Kuk o\u00fdlap tapyjy \u00fda-da hat-\u00fdazuw\u00e7y bolmasa-da, \u00f6z\u00fcni g\u00f6rn\u00fckli dolandyryjy we mali\u00fdele\u015fdiriji h\u00f6km\u00fcnde tanatdy. Onu\u0148 \u00fdolba\u015f\u00e7ylygynda kompani\u00fda girdejisini, birn\u00e4\u00e7e \u00fdyly\u0148 dowamynda takmynan, \u00fdedi esse artdyrdy. Tim Kuku\u0148 direktorlyga ge\u00e7eli b\u00e4ri kompani\u00fdada birn\u00e4\u00e7e t\u00e4ze \u00f6n\u00fcm \u00f6nd\u00fcrildi.<\/p>\n<p>Tim Kuk 1960-njy \u00fdyly\u0148 1-nji no\u00fdabrynda Alabamany\u0148 \u00fc\u00e7\u00fcnji uly \u015f\u00e4heri bolan Meksika a\u00fdlagyndaky Port \u015f\u00e4her\u00e7esinde d\u00fcn\u00fd\u00e4 in\u00fd\u00e4r. Kakasy Don Kuk Alabamada g\u00e4mi abatla\u00fdjy k\u00e4rhanasynda, ejesi bolsa dermanhanada i\u015fle\u00fd\u00e4r. \u201cApple\u201d-i\u0148 geljekki ba\u015flygy ene-atasy bilen gowy gatna\u015fykda bolup, t\u00f6weregind\u00e4kilere \u00f6z\u00fcni turuwba\u015fdan yhlasly we maksadaokgunly, tapylgysyz h\u00e4si\u00fdetler jemlenen \u00fdigit h\u00f6km\u00fcnde tanadypdyr.<\/p>\n<p>Mekdepde Kuk algebra, geometri\u00fda we trigonometri\u00fdany gowy bil\u00fd\u00e4n eken. Bir s\u00f6z bilen a\u00fddylanda, analitiki endikleri talap ed\u00fd\u00e4n derslerden o\u0148at ba\u015f \u00e7ykarypdyr. Matematika mugallymy Barbara De\u00fdwisi\u0148 pikiri\u00e7e, \u00abTim ygtybarly \u00fdigitdi we hemi\u015fe i\u015fini yhlas bilen \u00fderine \u00fdetir\u00fd\u00e4rdi\u00bb. Kuky tana\u00fdanlar ol hakda \u015fol bir zady a\u00fdd\u00fdarlar: elmydama hemme zady gowy \u00fderine \u00fdetirjekdigine ynam edip bilersi\u0148iz. \u017durnalist Linder Kani \u00abTim Kuk\u00bb atly kitabynda ol hakda gysga\u00e7a \u015fe\u00fdle belle\u00fd\u00e4r: \u00abI\u00e7gysgyn\u00e7lyk we nerwi Tim hakynda d\u00e4l. Gysga\u00e7a a\u00fddylanda, ol \u201cApple\u201d-i h\u00e4zirki derejesine \u00e7ykaran zehin\u00bb.<\/p>\n<p>1982-nji \u00fdylda Kuk bakalawr derejesini al\u00fdar we Fukua Biznes Mekdebinde MBA-ny dowam etdir\u00fd\u00e4r. \u015eol \u00fderde o\u0148a di\u0148e i\u0148 \u00f6kde talyplary\u0148 al\u00fdan \u201cFuqua Scholar\u201d ady beril\u00fd\u00e4r. Tim ilkinji z\u00e4hmet \u00fdoluna IBM-de ba\u015fla\u00fdar. Ol kompani\u00fdada 12 \u00fdyl i\u015fl\u00e4p, gowy kar\u00fdera gazan\u00fdar. \u201cIBM\u201d-de i\u015fle\u00fd\u00e4n d\u00f6wri ol \u00fdarygij\u00e4 \u00e7enli i\u015fle\u00fd\u00e4n eken, hatda bir gezek m\u00f6h\u00fcm hasabaty tamamlamak \u00fc\u00e7in T\u00e4ze \u00fdyl aralygyndaky dyn\u00e7 g\u00fcnlerini hem i\u015fl\u00e4p ge\u00e7iripdir. Kuk 1994-nji \u00fdylda IBM-den i\u015fden \u00f6z islegi bilen \u00e7yk\u00fdar. N\u00e4me \u00fc\u00e7in i\u015fini \u00fc\u00fdtgedendigi barada resmi maglumat \u00fdok. Tim \u201cIntelligent Electronics\u201d-e ge\u00e7ip, satuw b\u00f6l\u00fcmini\u0148 ba\u015flygy, so\u0148ra bolsa ba\u015f i\u015f dolandyryjysy wezipesinde i\u015fle\u00fd\u00e4r. Birn\u00e4\u00e7e wagtdan so\u0148 \u201cIntelligent Electronics\u201d satyl\u00fdar we Tim \u201cCompaq\u201d-da wise-prezident wezipesine ge\u00e7\u00fd\u00e4r. Kuk ol \u00fderde-de bary-\u00fdogy alty a\u00fd i\u015fle\u00fd\u00e4r. Ahyrso\u0148y ykbal \u00f6wr\u00fcmleri ony \u201cApple\u201d-i\u0148 ba\u015f direktory Stiw Jobs bilen i\u015f s\u00f6hbetde\u015fliginde \u00fd\u00fczbe-\u00fd\u00fcz du\u015fur\u00fdar.<\/p>\n<p>1996-njy \u00fdylda kompani\u00fdany\u0148 girdejisi peselip ba\u015fla\u00fdar. \u015eol wagtlar kompani\u00fda her a\u00fdda 500 million dollar \u00fditgi \u00e7ek\u00fd\u00e4n eken. \u015eol d\u00f6w\u00fcr kompani\u00fdany\u0148 \u00fdolba\u015f\u00e7ysy Stiw Jobs Kuka bu mesel\u00e4ni \u00e7\u00f6zmegi tab\u015fyr\u00fdar. Ol \u00f6z\u00fcne ynanylan t\u00e4ze wezipesinde derrew \u00f6\u0148ki \u00fdal\u0148y\u015flyklary d\u00fczetmek \u00fc\u00e7in i\u015fe giri\u015f\u00fd\u00e4r. Ilki bilen \u00fcpj\u00fcn edijileri\u0148 barlagyny ge\u00e7irende \u00fd\u00fczden gowrak i\u015fg\u00e4ri\u0148 arasynda di\u0148e \u00fdigrimi d\u00f6rt sanysy gal\u00fdar. Kuku\u0148 gelmegi bilen \u00e7emele\u015fme d\u00fc\u00fdpg\u00f6ter \u00fc\u00fdtge\u00fd\u00e4r.<\/p>\n<p>Kompani\u00fda 2007-nji \u00fdylda ilkinji \u201ciPhone\u201d-y we be\u00fdleki mobil enjamlaryny \u00e7ykaryp ba\u015fla\u00fdar. Bu bolsa kompani\u00fdany\u0148 girdejisini\u0148 g\u00f6rnetin \u00fdokarlanmagyna getir\u00fd\u00e4r.<\/p>\n<p>2011-nji \u00fdylda Stiw Jobsu\u0148 saglyk \u00fdagda\u00fdy seb\u00e4pli Kuk ba\u015f direktor wezipesine bellenil\u00fd\u00e4r. H\u00e4zriki wagtda kompani\u00fda d\u00fcn\u00fd\u00e4ni\u0148 i\u0148 k\u00f6p smartfon \u00fda-da ha\u00fdsydyr bir mobil enjam sat\u00fdan kompani\u00fdasy d\u00e4l. Mu\u0148a garamazdan, d\u00fcn\u00fd\u00e4ni\u0148 i\u0148 k\u00f6p girdeji gazan\u00fdan tehnologi\u00fda kompani\u00fdasy bolmagyny dowam etdir\u00fd\u00e4r. Seb\u00e4bi \u201cApple\u201d girdejisini\u0148 uly b\u00f6legini elektron enjamlary\u0148 satuwy d\u00e4l-de, olary\u0148 programmalaryndan alyn\u00fdan girdeji emele getir\u00fd\u00e4r.<\/p>\n<p style=\"text-align: right;\"><strong>G\u00fcljemal ORAZS\u00c4HEDOWA<\/strong><strong>,<\/strong><\/p>\n<p style=\"text-align: right;\"><strong>S.A.Ny\u00fdazow adyndaky T\u00fcrkmen oba hojalyk uniwersitetini\u0148 mugallymy.<\/strong><\/p>\n","protected":false},"excerpt":{"rendered":"<p>\u201cApple\u201d -i\u0148 esaslandyryjysy Stiw Jobsu\u0148 be\u00fdik zehini barada \u00fd\u00fczler\u00e7e makala we kitap \u00fdazyldy. Ba\u015farja\u0148 i\u015few\u00fcr teleke\u00e7iligi \u00fdokary derej\u00e4 \u00fdetirmegi ba\u015fardy. \u201cApple\u201d-i\u0148 h\u00e4zirki \u00fdolba\u015f\u00e7ysy bolan Tim Kuku\u0148 h\u00e4zirki derej\u00e4 n\u00e4hili \u00fdetendigini bil\u00fd\u00e4rsi\u0148izmi?! Doly ady Timoti Donald Kuk o\u00fdlap tapyjy \u00fda-da hat-\u00fdazuw\u00e7y bolmasa-da, \u00f6z\u00fcni g\u00f6rn\u00fckli dolandyryjy we mali\u00fdele\u015fdiriji h\u00f6km\u00fcnde tanatdy. Onu\u0148 \u00fdolba\u015f\u00e7ylygynda kompani\u00fda girdejisini, birn\u00e4\u00e7e \u00fdyly\u0148 dowamynda [&hellip;]<\/p>\n","protected":false},"author":2,"featured_media":57840,"comment_status":"open","ping_status":"closed","sticky":false,"template":"","format":"standard","meta":{"footnotes":""},"categories":[724],"tags":[],"acf":[],"_links":{"self":[{"href":"https:\/\/zamanturkmenistan.com.tm\/index.php?rest_route=\/wp\/v2\/posts\/57839"}],"collection":[{"href":"https:\/\/zamanturkmenistan.com.tm\/index.php?rest_route=\/wp\/v2\/posts"}],"about":[{"href":"https:\/\/zamanturkmenistan.com.tm\/index.php?rest_route=\/wp\/v2\/types\/post"}],"author":[{"embeddable":true,"href":"https:\/\/zamanturkmenistan.com.tm\/index.php?rest_route=\/wp\/v2\/users\/2"}],"replies":[{"embeddable":true,"href":"https:\/\/zamanturkmenistan.com.tm\/index.php?rest_route=%2Fwp%2Fv2%2Fcomments&post=57839"}],"version-history":[{"count":0,"href":"https:\/\/zamanturkmenistan.com.tm\/index.php?rest_route=\/wp\/v2\/posts\/57839\/revisions"}],"wp:featuredmedia":[{"embeddable":true,"href":"https:\/\/zamanturkmenistan.com.tm\/index.php?rest_route=\/wp\/v2\/media\/57840"}],"wp:attachment":[{"href":"https:\/\/zamanturkmenistan.com.tm\/index.php?rest_route=%2Fwp%2Fv2%2Fmedia&parent=57839"}],"wp:term":[{"taxonomy":"category","embeddable":true,"href":"https:\/\/zamanturkmenistan.com.tm\/index.php?rest_route=%2Fwp%2Fv2%2Fcategories&post=57839"},{"taxonomy":"post_tag","embeddable":true,"href":"https:\/\/zamanturkmenistan.com.tm\/index.php?rest_route=%2Fwp%2Fv2%2Ftags&post=57839"}],"curies":[{"name":"wp","href":"https:\/\/api.w.org\/{rel}","templated":true}]}}