{"id":5790,"date":"2017-02-13T07:33:58","date_gmt":"2017-02-13T07:33:58","guid":{"rendered":"http:\/\/zamanturkmenistan.com\/?p=5790"},"modified":"2017-02-14T09:56:33","modified_gmt":"2017-02-14T09:56:33","slug":"dowlet-bastutany-gurbanguly-berdimuhamedow-tazeden-prezidentlige-saylandy","status":"publish","type":"post","link":"https:\/\/zamanturkmenistan.com.tm\/?p=5790","title":{"rendered":"D\u00f6wlet Ba\u015ftutany Gurbanguly Berdimuhamedow t\u00e4zeden Prezidentlige sa\u00fdlandy"},"content":{"rendered":"<p>\u015eu g\u00fcn T\u00fcrkmenistanda sa\u00fdlawlary we sala sal\u015fyklary ge\u00e7irmek baradaky Merkezi toparda metbugat maslahaty ge\u00e7irildi. Onda T\u00fcrkmenistany\u0148 Prezidentini\u0148 sa\u00fdlawlaryny\u0148 deslapky jemleri yglan edildi.<\/p>\n<p>Merkezi sa\u00fdlaw toparyny\u0148 ba\u015flygy T\u00fcrkmenistany\u0148 Prezidentini\u0148 sa\u00fdlawlaryny\u0148 deslapky jemlerini m\u00e4lim etmek bilen, da\u015fary \u00fdurtlardaky sa\u00fdlaw toparlaryndan gelip gow\u015fan maglumatlary nazara almak bilen, ses berm\u00e4ge sa\u00fdlaw\u00e7ylary\u0148 jemi 97,27 g\u00f6terimini\u0148 gatna\u015fandygyny habar berdi. Munu\u0148 \u00f6zi ilaty\u0148 \u00fdokary ra\u00fdat i\u015fje\u0148ligine, onu\u0148 T\u00fcrkmenistanda demokratik \u00f6zgertmelere mundan be\u00fdl\u00e4k-de gatna\u015fmaga hyjuwlydygyna a\u00fddy\u0148 \u015fa\u00fdatlyk ed\u00fd\u00e4r.<\/p>\n<p>Deslapky jemler bo\u00fdun\u00e7a sa\u00fdlaw\u00e7ylary\u0148 seslerini\u0148 has k\u00f6p sanyny \u2013 97,69 g\u00f6terimini h\u00e4zirki d\u00f6wlet Ba\u015ftutany Gurbanguly Berdimuhamedow aldy.<\/p>\n<p><img decoding=\"async\" loading=\"lazy\" class=\"size-medium wp-image-5792 alignleft\" src=\"http:\/\/zamanturkmenistan.com\/wp-content\/uploads\/2017\/02\/s2-300x200.jpg\" alt=\"\" width=\"300\" height=\"200\" srcset=\"https:\/\/zamanturkmenistan.com.tm\/wp-content\/uploads\/2017\/02\/s2-300x200.jpg 300w, https:\/\/zamanturkmenistan.com.tm\/wp-content\/uploads\/2017\/02\/s2-200x133.jpg 200w, https:\/\/zamanturkmenistan.com.tm\/wp-content\/uploads\/2017\/02\/s2-163x108.jpg 163w, https:\/\/zamanturkmenistan.com.tm\/wp-content\/uploads\/2017\/02\/s2.jpg 500w\" sizes=\"(max-width: 300px) 100vw, 300px\" \/><br \/>\nH\u00e4zirki wagtda T\u00fcrkmenistany\u0148 da\u015fary \u00fdurtlardaky diplomatik wekilhanalaryny\u0148 we konsullyk edaralaryny\u0148 \u00fdanyndaky sa\u00fdlaw u\u00e7astoklaryny\u0148 k\u00e4birinden maglumatlary, has takygy, teswirnamalary nazara almak bilen, sa\u00fdlaw\u00e7ylary\u0148 seslerini gutarnykly sanamak i\u015fleri alnyp baryl\u00fdar. \u015eol teswirnamalar \u00fdurtlary\u0148 d\u00fcrli sagat gu\u015faklyklarynda \u00fderle\u015fmegi bilen baglylykda wagt tapawudy seb\u00e4pli, gijir\u00e4k gelip gowu\u015f\u00fdar.<\/p>\n<p>Maslahata da\u015fary \u00fdurtlary\u0148 iri habarlar gulluklaryny\u0148, elektron, metbugat we bizi\u0148 \u00fdurdumyzda resmi ta\u00fddan i\u015fle\u00fd\u00e4n be\u00fdleki habar beri\u015f seri\u015fdelerini\u0148 habar\u00e7ylary, halkara syn\u00e7ylary, \u015fe\u00fdle hem \u00fdurdumyzy\u0148 k\u00f6p\u00e7\u00fclikle\u00fdin habar beri\u015f seri\u015fdelerini\u0148 \u00fdolba\u015f\u00e7ylary we \u017eurnalistler gatna\u015fdylar.<\/p>\n<p>T\u00fcrkmen d\u00f6wletini\u0148 ba\u015ftutanyny\u0148 sa\u00fdlawlaryny\u0148 deslapky jemlerini m\u00e4lim etmezden \u00f6\u0148, Merkezi sa\u00fdlaw toparyny\u0148 ba\u015flygy bu \u00fdere \u00fdygnananlara \u015fu m\u00f6h\u00fcm jemgy\u00fdet\u00e7ilik-sy\u00fdasy \u00e7\u00e4r\u00e4ni ta\u00fd\u00fdarlamak we gurama\u00e7ylykly ge\u00e7irmek \u00fc\u00e7in amala a\u015fyrylan uly i\u015fler hakynda habar berdi we sa\u00fdlawa gatna\u015fanlary\u0148 hemmesine ho\u015fallyk bildirdi. Da\u015fary \u00fdurtly myhmanlara sa\u00fdlaw prosesini k\u00e4mille\u015fdirmek bo\u00fdun\u00e7a teklipleri \u00fc\u00e7in a\u00fdratyn ho\u015fallyk s\u00f6zleri a\u00fddyldy.<\/p>\n<p><img decoding=\"async\" loading=\"lazy\" class=\"size-medium wp-image-5793 alignleft\" src=\"http:\/\/zamanturkmenistan.com\/wp-content\/uploads\/2017\/02\/s3-300x200.jpg\" alt=\"\" width=\"300\" height=\"200\" srcset=\"https:\/\/zamanturkmenistan.com.tm\/wp-content\/uploads\/2017\/02\/s3-300x200.jpg 300w, https:\/\/zamanturkmenistan.com.tm\/wp-content\/uploads\/2017\/02\/s3-200x133.jpg 200w, https:\/\/zamanturkmenistan.com.tm\/wp-content\/uploads\/2017\/02\/s3-163x108.jpg 163w, https:\/\/zamanturkmenistan.com.tm\/wp-content\/uploads\/2017\/02\/s3.jpg 500w\" sizes=\"(max-width: 300px) 100vw, 300px\" \/>Bellenili\u015fi \u00fdaly, t\u00fcrkmen halky \u00f6z\u00fcni\u0148 mizemez jebisligini we agzybirligini, ata \u2013 babalarymyzy\u0148 mukaddes wes\u00fdetlerine wepalylygyny g\u00f6rkezip, d\u00f6wleti mundan be\u00fdl\u00e4k-de \u00f6sd\u00fcrmegi\u0148 \u00fdolunda m\u00f6h\u00fcm \u00e4dim \u00e4tdi. Metbugat maslahatynda nygtaly\u015fy \u00fdaly, d\u00f6wlet ba\u015ftutanyny\u0148 sa\u00fdlawlary \u00fdokary gurama\u00e7ylyk derejesinde, \u00e4hlumumy we ruhubelentlik \u00fdagda\u00fdynda ge\u00e7di.<\/p>\n<p>Ses bermegi\u0148 gutarnykly netijeleri \u00fdakyn wagtda jemlener we habar berler.<\/p>\n","protected":false},"excerpt":{"rendered":"<p>\u015eu g\u00fcn T\u00fcrkmenistanda sa\u00fdlawlary we sala sal\u015fyklary ge\u00e7irmek baradaky Merkezi toparda metbugat maslahaty ge\u00e7irildi. Onda T\u00fcrkmenistany\u0148 Prezidentini\u0148 sa\u00fdlawlaryny\u0148 deslapky jemleri yglan edildi. Merkezi sa\u00fdlaw toparyny\u0148 ba\u015flygy T\u00fcrkmenistany\u0148 Prezidentini\u0148 sa\u00fdlawlaryny\u0148 deslapky jemlerini m\u00e4lim etmek bilen, da\u015fary \u00fdurtlardaky sa\u00fdlaw toparlaryndan gelip gow\u015fan maglumatlary nazara almak bilen, ses berm\u00e4ge sa\u00fdlaw\u00e7ylary\u0148 jemi 97,27 g\u00f6terimini\u0148 gatna\u015fandygyny habar berdi. Munu\u0148 \u00f6zi [&hellip;]<\/p>\n","protected":false},"author":1,"featured_media":5916,"comment_status":"open","ping_status":"closed","sticky":false,"template":"","format":"standard","meta":{"footnotes":""},"categories":[3],"tags":[],"acf":[],"_links":{"self":[{"href":"https:\/\/zamanturkmenistan.com.tm\/index.php?rest_route=\/wp\/v2\/posts\/5790"}],"collection":[{"href":"https:\/\/zamanturkmenistan.com.tm\/index.php?rest_route=\/wp\/v2\/posts"}],"about":[{"href":"https:\/\/zamanturkmenistan.com.tm\/index.php?rest_route=\/wp\/v2\/types\/post"}],"author":[{"embeddable":true,"href":"https:\/\/zamanturkmenistan.com.tm\/index.php?rest_route=\/wp\/v2\/users\/1"}],"replies":[{"embeddable":true,"href":"https:\/\/zamanturkmenistan.com.tm\/index.php?rest_route=%2Fwp%2Fv2%2Fcomments&post=5790"}],"version-history":[{"count":0,"href":"https:\/\/zamanturkmenistan.com.tm\/index.php?rest_route=\/wp\/v2\/posts\/5790\/revisions"}],"wp:featuredmedia":[{"embeddable":true,"href":"https:\/\/zamanturkmenistan.com.tm\/index.php?rest_route=\/wp\/v2\/media\/5916"}],"wp:attachment":[{"href":"https:\/\/zamanturkmenistan.com.tm\/index.php?rest_route=%2Fwp%2Fv2%2Fmedia&parent=5790"}],"wp:term":[{"taxonomy":"category","embeddable":true,"href":"https:\/\/zamanturkmenistan.com.tm\/index.php?rest_route=%2Fwp%2Fv2%2Fcategories&post=5790"},{"taxonomy":"post_tag","embeddable":true,"href":"https:\/\/zamanturkmenistan.com.tm\/index.php?rest_route=%2Fwp%2Fv2%2Ftags&post=5790"}],"curies":[{"name":"wp","href":"https:\/\/api.w.org\/{rel}","templated":true}]}}