{"id":58091,"date":"2022-04-04T10:10:48","date_gmt":"2022-04-04T05:10:48","guid":{"rendered":"https:\/\/zamanturkmenistan.com.tm\/?p=58091"},"modified":"2022-04-04T10:10:48","modified_gmt":"2022-04-04T05:10:48","slug":"turkmenistanyn-milli-genesinin-mejlisinin-karary","status":"publish","type":"post","link":"https:\/\/zamanturkmenistan.com.tm\/?p=58091","title":{"rendered":"T\u00fcrkmenistany\u0148 Milli Ge\u0148e\u015fini\u0148 Mejlisini\u0148 Karary"},"content":{"rendered":"<p><strong>Adalat\u00e7yny <\/strong><strong>sa\u00fdlamak hakynda<\/strong><\/p>\n<p>T\u00fcrkmenistany\u0148 Konstitusi\u00fdasyny\u0148 81-nji maddasyna la\u00fdyklykda we T\u00fcrkmenistany\u0148 Milli Ge\u0148e\u015fini\u0148 Mejlisini\u0148 altynjy \u00e7agyryly\u015fyny\u0148 2022-nji \u00fdyly\u0148 2-nji aprelinde bolup ge\u00e7en on \u00fdedinji maslahatynda Adalat\u00e7yny sa\u00fdlamak bo\u00fdun\u00e7a ge\u00e7irilen gizlin ses bermegi\u0148 netijeleri esasynda T\u00fcrkmenistany\u0148 Milli Ge\u0148e\u015fini\u0148 Mejlisi\u00a0karar ed\u00fd\u00e4r:<\/p>\n<p>\u00ddazdursun\u00a0Gurbannazarowany\u00a0T\u00fcrkmenistanda adam hukuklary bo\u00fdun\u00e7a ygty\u00fdarly wekil \u2014 Adalat\u00e7y sa\u00fdlamaly.<\/p>\n<p><strong>T\u00fcrkmenistany\u0148 Milli Ge\u0148e\u015fini\u0148<br \/>\nMejlisini\u0148 Ba\u015flygy <\/strong><strong>G<\/strong><strong><em>.<\/em><\/strong><strong><em>M\u00e4mmedowa<\/em><\/strong><em>.<\/em><\/p>\n<p><em>A\u015fgabat \u015f\u00e4heri, 2022-nji \u00fdyly\u0148 2-nji apreli.<\/em><\/p>\n","protected":false},"excerpt":{"rendered":"<p>Adalat\u00e7yny sa\u00fdlamak hakynda T\u00fcrkmenistany\u0148 Konstitusi\u00fdasyny\u0148 81-nji maddasyna la\u00fdyklykda we T\u00fcrkmenistany\u0148 Milli Ge\u0148e\u015fini\u0148 Mejlisini\u0148 altynjy \u00e7agyryly\u015fyny\u0148 2022-nji \u00fdyly\u0148 2-nji aprelinde bolup ge\u00e7en on \u00fdedinji maslahatynda Adalat\u00e7yny sa\u00fdlamak bo\u00fdun\u00e7a ge\u00e7irilen gizlin ses bermegi\u0148 netijeleri esasynda T\u00fcrkmenistany\u0148 Milli Ge\u0148e\u015fini\u0148 Mejlisi\u00a0karar ed\u00fd\u00e4r: \u00ddazdursun\u00a0Gurbannazarowany\u00a0T\u00fcrkmenistanda adam hukuklary bo\u00fdun\u00e7a ygty\u00fdarly wekil \u2014 Adalat\u00e7y sa\u00fdlamaly. T\u00fcrkmenistany\u0148 Milli Ge\u0148e\u015fini\u0148 Mejlisini\u0148 Ba\u015flygy G.M\u00e4mmedowa. A\u015fgabat \u015f\u00e4heri, [&hellip;]<\/p>\n","protected":false},"author":2,"featured_media":33037,"comment_status":"open","ping_status":"closed","sticky":false,"template":"","format":"standard","meta":{"footnotes":""},"categories":[3],"tags":[],"acf":[],"_links":{"self":[{"href":"https:\/\/zamanturkmenistan.com.tm\/index.php?rest_route=\/wp\/v2\/posts\/58091"}],"collection":[{"href":"https:\/\/zamanturkmenistan.com.tm\/index.php?rest_route=\/wp\/v2\/posts"}],"about":[{"href":"https:\/\/zamanturkmenistan.com.tm\/index.php?rest_route=\/wp\/v2\/types\/post"}],"author":[{"embeddable":true,"href":"https:\/\/zamanturkmenistan.com.tm\/index.php?rest_route=\/wp\/v2\/users\/2"}],"replies":[{"embeddable":true,"href":"https:\/\/zamanturkmenistan.com.tm\/index.php?rest_route=%2Fwp%2Fv2%2Fcomments&post=58091"}],"version-history":[{"count":0,"href":"https:\/\/zamanturkmenistan.com.tm\/index.php?rest_route=\/wp\/v2\/posts\/58091\/revisions"}],"wp:featuredmedia":[{"embeddable":true,"href":"https:\/\/zamanturkmenistan.com.tm\/index.php?rest_route=\/wp\/v2\/media\/33037"}],"wp:attachment":[{"href":"https:\/\/zamanturkmenistan.com.tm\/index.php?rest_route=%2Fwp%2Fv2%2Fmedia&parent=58091"}],"wp:term":[{"taxonomy":"category","embeddable":true,"href":"https:\/\/zamanturkmenistan.com.tm\/index.php?rest_route=%2Fwp%2Fv2%2Fcategories&post=58091"},{"taxonomy":"post_tag","embeddable":true,"href":"https:\/\/zamanturkmenistan.com.tm\/index.php?rest_route=%2Fwp%2Fv2%2Ftags&post=58091"}],"curies":[{"name":"wp","href":"https:\/\/api.w.org\/{rel}","templated":true}]}}