{"id":58131,"date":"2022-04-04T17:15:11","date_gmt":"2022-04-04T12:15:11","guid":{"rendered":"https:\/\/zamanturkmenistan.com.tm\/?p=58131"},"modified":"2022-04-04T17:15:11","modified_gmt":"2022-04-04T12:15:11","slug":"prezident-saylawynda-yenis-gazandy","status":"publish","type":"post","link":"https:\/\/zamanturkmenistan.com.tm\/?p=58131","title":{"rendered":"Prezident sa\u00fdlawynda \u00fde\u0148i\u015f gazandy"},"content":{"rendered":"<p>Kosta-Rikada ge\u00e7irilen Prezident sa\u00fdlawlarynda \u00f6\u0148ki mali\u00fde ministri Rodrigo \u00c7awes \u00fde\u0148i\u015f gazandy. Ol sesleri\u0148 52,86%-ine e\u00fde boldy. Ol sa\u00fdlawlary\u0148 Ikinji tapgyrynda, \u00f6\u0148ki Prezident Hose Mari\u00fda Figeresden \u00f6\u0148e sa\u00fdlanmagy ba\u015fardy.<\/p>\n<p>Rodrigo \u00c7awes 2019-2020-nji \u00fdyllarda mali\u00fde ministri bolup i\u015fledi. Ol merkezi sag\u00e7y Sosial-demokratik \u00f6s\u00fc\u015f parti\u00fdasy tarapyndan h\u00f6d\u00fcrlenen dala\u015fg\u00e4r. 1994-1998-nji \u00fdyllar aralygynda \u00fdurda \u00fdolba\u015f\u00e7ylyk eden Hose Mari\u00fda Figeres bolsa, merkezi Milli azat edi\u015f parti\u00fdasy tarapyndan dala\u015fg\u00e4r g\u00f6rkezildi. Olar birinji tapgyrda degi\u015flilikde, 27,28% we 16,78% sese e\u00fde boldular.<\/p>\n<p>Ikinji tapgyra ses beri\u015flik 3-nji aprelde ge\u00e7irilip, sa\u00fdlaw\u00e7ylary\u0148 gatna\u015fygy 57,33%-e de\u0148 boldy. \u00dde\u0148iji d\u00f6rt \u00fdyllyk m\u00f6hlet bilen (2022\u20132026) 8-nji ma\u00fdda wezipesine giri\u015fer. Rodrigo \u00c7awez \u00f6\u0148ki prezidente ho\u015fallyk bildirip, ony t\u00e4ze h\u00f6k\u00fcmetde bilelikde i\u015flem\u00e4ge \u00e7agyrdy. &#8220;Kosta Rikany\u0148 Konstitusi\u00fdasyna, kanunlaryna we gymmatlyklaryna hormat go\u00fdup, geple\u015fik ge\u00e7irm\u00e4ge ukyply demokratik h\u00f6k\u00fcmet gurmagy maksat edin\u00fd\u00e4rin&#8221; di\u00fdip, ol belledi. Kosta-Rikany\u0148 h\u00e4zirki Prezidenti Karlos Alwarado sa\u00fdlanan Prezidenti e\u00fd\u00fd\u00e4m gutlady. Rodrigo \u00c7awesi\u0148 kasam kabul edi\u015f dabarasy 8-nji ma\u00fdda me\u00fdille\u015fdiril\u00fd\u00e4r.<\/p>\n","protected":false},"excerpt":{"rendered":"<p>Kosta-Rikada ge\u00e7irilen Prezident sa\u00fdlawlarynda \u00f6\u0148ki mali\u00fde ministri Rodrigo \u00c7awes \u00fde\u0148i\u015f gazandy. Ol sesleri\u0148 52,86%-ine e\u00fde boldy. Ol sa\u00fdlawlary\u0148 Ikinji tapgyrynda, \u00f6\u0148ki Prezident Hose Mari\u00fda Figeresden \u00f6\u0148e sa\u00fdlanmagy ba\u015fardy. Rodrigo \u00c7awes 2019-2020-nji \u00fdyllarda mali\u00fde ministri bolup i\u015fledi. Ol merkezi sag\u00e7y Sosial-demokratik \u00f6s\u00fc\u015f parti\u00fdasy tarapyndan h\u00f6d\u00fcrlenen dala\u015fg\u00e4r. 1994-1998-nji \u00fdyllar aralygynda \u00fdurda \u00fdolba\u015f\u00e7ylyk eden Hose Mari\u00fda Figeres bolsa, [&hellip;]<\/p>\n","protected":false},"author":2,"featured_media":58132,"comment_status":"open","ping_status":"closed","sticky":false,"template":"","format":"standard","meta":{"footnotes":""},"categories":[5],"tags":[],"acf":[],"_links":{"self":[{"href":"https:\/\/zamanturkmenistan.com.tm\/index.php?rest_route=\/wp\/v2\/posts\/58131"}],"collection":[{"href":"https:\/\/zamanturkmenistan.com.tm\/index.php?rest_route=\/wp\/v2\/posts"}],"about":[{"href":"https:\/\/zamanturkmenistan.com.tm\/index.php?rest_route=\/wp\/v2\/types\/post"}],"author":[{"embeddable":true,"href":"https:\/\/zamanturkmenistan.com.tm\/index.php?rest_route=\/wp\/v2\/users\/2"}],"replies":[{"embeddable":true,"href":"https:\/\/zamanturkmenistan.com.tm\/index.php?rest_route=%2Fwp%2Fv2%2Fcomments&post=58131"}],"version-history":[{"count":0,"href":"https:\/\/zamanturkmenistan.com.tm\/index.php?rest_route=\/wp\/v2\/posts\/58131\/revisions"}],"wp:featuredmedia":[{"embeddable":true,"href":"https:\/\/zamanturkmenistan.com.tm\/index.php?rest_route=\/wp\/v2\/media\/58132"}],"wp:attachment":[{"href":"https:\/\/zamanturkmenistan.com.tm\/index.php?rest_route=%2Fwp%2Fv2%2Fmedia&parent=58131"}],"wp:term":[{"taxonomy":"category","embeddable":true,"href":"https:\/\/zamanturkmenistan.com.tm\/index.php?rest_route=%2Fwp%2Fv2%2Fcategories&post=58131"},{"taxonomy":"post_tag","embeddable":true,"href":"https:\/\/zamanturkmenistan.com.tm\/index.php?rest_route=%2Fwp%2Fv2%2Ftags&post=58131"}],"curies":[{"name":"wp","href":"https:\/\/api.w.org\/{rel}","templated":true}]}}