{"id":58210,"date":"2022-04-06T17:29:50","date_gmt":"2022-04-06T12:29:50","guid":{"rendered":"https:\/\/zamanturkmenistan.com.tm\/?p=58210"},"modified":"2022-04-06T17:29:50","modified_gmt":"2022-04-06T12:29:50","slug":"apple-wwdc-2022-caresi-iyunda-geciriler","status":"publish","type":"post","link":"https:\/\/zamanturkmenistan.com.tm\/?p=58210","title":{"rendered":"\u201cApple WWDC 2022\u201d \u00e7\u00e4resi i\u00fdunda ge\u00e7iriler"},"content":{"rendered":"<p>\u201cApple\u201d kompani\u00fdasy \u201cWWDC 2022\u201d (Worldwide Developers Conference\/D\u00fcn\u00fd\u00e4 bo\u00fdun\u00e7a k\u00e4mille\u015fdirijileri\u0148 maslahatyny) 6-10-njy i\u00fdun aralygynda ge\u00e7iriljekdigini m\u00e4lim etdi. Maslahat wirtual g\u00f6rn\u00fc\u015fde ge\u00e7iriler, \u00fd\u00f6ne \u201cApple Park\u201d-da ge\u00e7iriljek maslahaty\u0148 a\u00e7yly\u015fyna az sanly myhman kabul ediler. Kompani\u00fda t\u00e4ze harytlaryny adat\u00e7a sent\u00fdabr \u00fda-da okt\u00fdabr a\u00fdynda ge\u00e7iril\u00fd\u00e4n \u00e7\u00e4rede tany\u015fdyr\u00fdar. Bu maslahat \u201cApple\u201d kompani\u00fdasyny\u0148 enjamlary \u00fc\u00e7in programmalary i\u015fl\u00e4p ta\u00fd\u00fdarla\u00fdan programma\u00e7ylara ni\u00fdetlenen bolup, \u015folara d\u00fcrli maslahatlar beril\u00fd\u00e4r. Kompani\u00fda k\u00e4bir \u00fdyllarda bu maslahaty\u0148 \u00e7\u00e4klerinde hem harytlaryny tany\u015fdyr\u00fdar. So\u0148ky gezek 2019-njy \u00fdylda \u00fc\u00e7\u00fcnji nesle degi\u015fli \u201cMac Pro\u201d we \u201cPro Display XDR\u201d tany\u015fdyrylypdy.<\/p>\n","protected":false},"excerpt":{"rendered":"<p>\u201cApple\u201d kompani\u00fdasy \u201cWWDC 2022\u201d (Worldwide Developers Conference\/D\u00fcn\u00fd\u00e4 bo\u00fdun\u00e7a k\u00e4mille\u015fdirijileri\u0148 maslahatyny) 6-10-njy i\u00fdun aralygynda ge\u00e7iriljekdigini m\u00e4lim etdi. Maslahat wirtual g\u00f6rn\u00fc\u015fde ge\u00e7iriler, \u00fd\u00f6ne \u201cApple Park\u201d-da ge\u00e7iriljek maslahaty\u0148 a\u00e7yly\u015fyna az sanly myhman kabul ediler. Kompani\u00fda t\u00e4ze harytlaryny adat\u00e7a sent\u00fdabr \u00fda-da okt\u00fdabr a\u00fdynda ge\u00e7iril\u00fd\u00e4n \u00e7\u00e4rede tany\u015fdyr\u00fdar. Bu maslahat \u201cApple\u201d kompani\u00fdasyny\u0148 enjamlary \u00fc\u00e7in programmalary i\u015fl\u00e4p ta\u00fd\u00fdarla\u00fdan programma\u00e7ylara ni\u00fdetlenen bolup, \u015folara [&hellip;]<\/p>\n","protected":false},"author":2,"featured_media":58211,"comment_status":"open","ping_status":"closed","sticky":false,"template":"","format":"standard","meta":{"footnotes":""},"categories":[8],"tags":[],"acf":[],"_links":{"self":[{"href":"https:\/\/zamanturkmenistan.com.tm\/index.php?rest_route=\/wp\/v2\/posts\/58210"}],"collection":[{"href":"https:\/\/zamanturkmenistan.com.tm\/index.php?rest_route=\/wp\/v2\/posts"}],"about":[{"href":"https:\/\/zamanturkmenistan.com.tm\/index.php?rest_route=\/wp\/v2\/types\/post"}],"author":[{"embeddable":true,"href":"https:\/\/zamanturkmenistan.com.tm\/index.php?rest_route=\/wp\/v2\/users\/2"}],"replies":[{"embeddable":true,"href":"https:\/\/zamanturkmenistan.com.tm\/index.php?rest_route=%2Fwp%2Fv2%2Fcomments&post=58210"}],"version-history":[{"count":0,"href":"https:\/\/zamanturkmenistan.com.tm\/index.php?rest_route=\/wp\/v2\/posts\/58210\/revisions"}],"wp:featuredmedia":[{"embeddable":true,"href":"https:\/\/zamanturkmenistan.com.tm\/index.php?rest_route=\/wp\/v2\/media\/58211"}],"wp:attachment":[{"href":"https:\/\/zamanturkmenistan.com.tm\/index.php?rest_route=%2Fwp%2Fv2%2Fmedia&parent=58210"}],"wp:term":[{"taxonomy":"category","embeddable":true,"href":"https:\/\/zamanturkmenistan.com.tm\/index.php?rest_route=%2Fwp%2Fv2%2Fcategories&post=58210"},{"taxonomy":"post_tag","embeddable":true,"href":"https:\/\/zamanturkmenistan.com.tm\/index.php?rest_route=%2Fwp%2Fv2%2Ftags&post=58210"}],"curies":[{"name":"wp","href":"https:\/\/api.w.org\/{rel}","templated":true}]}}