{"id":58220,"date":"2022-04-07T11:37:17","date_gmt":"2022-04-07T06:37:17","guid":{"rendered":"https:\/\/zamanturkmenistan.com.tm\/?p=58220"},"modified":"2022-04-07T11:37:17","modified_gmt":"2022-04-07T06:37:17","slug":"yasyl-energiya-gecisi-caltlandyrar","status":"publish","type":"post","link":"https:\/\/zamanturkmenistan.com.tm\/?p=58220","title":{"rendered":"\u201c\u00dda\u015fyl\u201d energi\u00fda ge\u00e7i\u015fi \u00e7altlandyrar"},"content":{"rendered":"<p>Germani\u00fdany\u0148 Ykdysady\u00fdet we howany goramak ministrligi ga\u00fdtadan dikeldil\u00fd\u00e4n energi\u00fda ge\u00e7ir\u015fi \u00e7altlandyrmak \u00fc\u00e7in t\u00e4ze maksatnama ta\u00fd\u00fdarlady. Maksatnamada \u00fdurtda sarp edil\u00fd\u00e4n elektrik energi\u00fdasynda arassa energi\u00fda \u00e7e\u015fmelerini\u0148 pa\u00fdyny\u0148 2030-njy \u00fdyla \u00e7enli 80 g\u00f6terime \u00fdetirilmegi g\u00f6z \u00f6\u0148\u00fcnde tutul\u00fdar. \u00ddewropany\u0148 i\u0148 k\u00f6p energi\u00fda sarp ed\u00fd\u00e4n \u00fdurt bolan Germani\u00fdada h\u00e4zriki wagtda elektrik energi\u00fdasyny\u0148 40 g\u00f6terimini arassa \u00e7e\u015fmelerden alyn\u00fdar. \u00ddurt mundan ozal 2030-njy \u00fdylda \u00e7enli bu g\u00f6rkezijini 65 g\u00f6terime \u00fdetirmegi maksat edin\u00fd\u00e4rdi. T\u00e4ze maksatnamada de\u0148izlerd\u00e4ki \u00fdel turbinalaryny\u0148 gurlu\u015fygyny\u0148 artdyrylmagy g\u00f6z \u00f6\u0148\u00fcnde tutul\u00fdar.<\/p>\n<p>\u015ee\u00fdle hem \u00fdurtda binalardaky energi\u00fda netijeliligi we gatnaw pudagynda \u00fdylady\u015fhana gazlaryny\u0148 azaldylmagy \u00fc\u00e7in hem kanun taslamasyny\u0148 ta\u00fd\u00fdarlanmagyna gara\u015fyl\u00fdar.<\/p>\n","protected":false},"excerpt":{"rendered":"<p>Germani\u00fdany\u0148 Ykdysady\u00fdet we howany goramak ministrligi ga\u00fdtadan dikeldil\u00fd\u00e4n energi\u00fda ge\u00e7ir\u015fi \u00e7altlandyrmak \u00fc\u00e7in t\u00e4ze maksatnama ta\u00fd\u00fdarlady. Maksatnamada \u00fdurtda sarp edil\u00fd\u00e4n elektrik energi\u00fdasynda arassa energi\u00fda \u00e7e\u015fmelerini\u0148 pa\u00fdyny\u0148 2030-njy \u00fdyla \u00e7enli 80 g\u00f6terime \u00fdetirilmegi g\u00f6z \u00f6\u0148\u00fcnde tutul\u00fdar. \u00ddewropany\u0148 i\u0148 k\u00f6p energi\u00fda sarp ed\u00fd\u00e4n \u00fdurt bolan Germani\u00fdada h\u00e4zriki wagtda elektrik energi\u00fdasyny\u0148 40 g\u00f6terimini arassa \u00e7e\u015fmelerden alyn\u00fdar. \u00ddurt mundan ozal [&hellip;]<\/p>\n","protected":false},"author":2,"featured_media":58221,"comment_status":"open","ping_status":"closed","sticky":false,"template":"","format":"standard","meta":{"footnotes":""},"categories":[5],"tags":[],"acf":[],"_links":{"self":[{"href":"https:\/\/zamanturkmenistan.com.tm\/index.php?rest_route=\/wp\/v2\/posts\/58220"}],"collection":[{"href":"https:\/\/zamanturkmenistan.com.tm\/index.php?rest_route=\/wp\/v2\/posts"}],"about":[{"href":"https:\/\/zamanturkmenistan.com.tm\/index.php?rest_route=\/wp\/v2\/types\/post"}],"author":[{"embeddable":true,"href":"https:\/\/zamanturkmenistan.com.tm\/index.php?rest_route=\/wp\/v2\/users\/2"}],"replies":[{"embeddable":true,"href":"https:\/\/zamanturkmenistan.com.tm\/index.php?rest_route=%2Fwp%2Fv2%2Fcomments&post=58220"}],"version-history":[{"count":0,"href":"https:\/\/zamanturkmenistan.com.tm\/index.php?rest_route=\/wp\/v2\/posts\/58220\/revisions"}],"wp:featuredmedia":[{"embeddable":true,"href":"https:\/\/zamanturkmenistan.com.tm\/index.php?rest_route=\/wp\/v2\/media\/58221"}],"wp:attachment":[{"href":"https:\/\/zamanturkmenistan.com.tm\/index.php?rest_route=%2Fwp%2Fv2%2Fmedia&parent=58220"}],"wp:term":[{"taxonomy":"category","embeddable":true,"href":"https:\/\/zamanturkmenistan.com.tm\/index.php?rest_route=%2Fwp%2Fv2%2Fcategories&post=58220"},{"taxonomy":"post_tag","embeddable":true,"href":"https:\/\/zamanturkmenistan.com.tm\/index.php?rest_route=%2Fwp%2Fv2%2Ftags&post=58220"}],"curies":[{"name":"wp","href":"https:\/\/api.w.org\/{rel}","templated":true}]}}