{"id":58247,"date":"2022-04-07T14:53:18","date_gmt":"2022-04-07T09:53:18","guid":{"rendered":"https:\/\/zamanturkmenistan.com.tm\/?p=58247"},"modified":"2022-04-07T14:53:18","modified_gmt":"2022-04-07T09:53:18","slug":"kone-sayy-pullardan-doly-sandyk","status":"publish","type":"post","link":"https:\/\/zamanturkmenistan.com.tm\/?p=58247","title":{"rendered":"K\u00f6\u00adne \u015fa\u00ad\u00fdy pul\u00adlar\u00addan do\u00adly san\u00addyk"},"content":{"rendered":"<p>Be\u00ad\u00fdik Bri\u00adta\u00adni\u00ad\u00fda\u00adny\u0148 38 \u00fda\u015f\u00adly \u00fda\u00ad\u015fa\u00fd\u00adjy\u00adsy Jen\u00adni Fis\u00ad\u017ee\u00adrald su\u00adwa d\u00fc\u00ad\u015f\u00fcl\u00ad\u00fd\u00e4n ke\u00adnar\u00addan i\u00e7i k\u00f6\u00adne \u015fa\u00ad\u00fdy pul\u00adlar\u00addyr gy\u00admmat\u00adba\u00adha da\u015f\u00adlar\u00addan do\u00adly san\u00addyk tap\u00addy. G\u00f6r\u00adl\u00fcp otu\u00adryl\u00adsa, k\u00f6\u00adne san\u00addy\u00adgy\u0148 i\u00e7i wik\u00adto\u00adri\u00adan we Bri\u00adta\u00adni\u00ad\u00fda\u00adny XVIII asy\u00adry\u0148 a\u00fda\u00adgyn\u00adda do\u00adlan\u00addy\u00adran Georg III d\u00f6\u00adw\u00fcr\u00adle\u00adrin\u00adden \u00adga\u00adlan \u00fd\u00fcz\u00adler\u00ad\u00e7e \u015fa\u00ad\u00fdy pul\u00adlar\u00addan do\u00adly eken.<\/p>\n","protected":false},"excerpt":{"rendered":"<p>Be\u00ad\u00fdik Bri\u00adta\u00adni\u00ad\u00fda\u00adny\u0148 38 \u00fda\u015f\u00adly \u00fda\u00ad\u015fa\u00fd\u00adjy\u00adsy Jen\u00adni Fis\u00ad\u017ee\u00adrald su\u00adwa d\u00fc\u00ad\u015f\u00fcl\u00ad\u00fd\u00e4n ke\u00adnar\u00addan i\u00e7i k\u00f6\u00adne \u015fa\u00ad\u00fdy pul\u00adlar\u00addyr gy\u00admmat\u00adba\u00adha da\u015f\u00adlar\u00addan do\u00adly san\u00addyk tap\u00addy. G\u00f6r\u00adl\u00fcp otu\u00adryl\u00adsa, k\u00f6\u00adne san\u00addy\u00adgy\u0148 i\u00e7i wik\u00adto\u00adri\u00adan we Bri\u00adta\u00adni\u00ad\u00fda\u00adny XVIII asy\u00adry\u0148 a\u00fda\u00adgyn\u00adda do\u00adlan\u00addy\u00adran Georg III d\u00f6\u00adw\u00fcr\u00adle\u00adrin\u00adden \u00adga\u00adlan \u00fd\u00fcz\u00adler\u00ad\u00e7e \u015fa\u00ad\u00fdy pul\u00adlar\u00addan do\u00adly eken.<\/p>\n","protected":false},"author":2,"featured_media":58248,"comment_status":"open","ping_status":"closed","sticky":false,"template":"","format":"standard","meta":{"footnotes":""},"categories":[5],"tags":[],"acf":[],"_links":{"self":[{"href":"https:\/\/zamanturkmenistan.com.tm\/index.php?rest_route=\/wp\/v2\/posts\/58247"}],"collection":[{"href":"https:\/\/zamanturkmenistan.com.tm\/index.php?rest_route=\/wp\/v2\/posts"}],"about":[{"href":"https:\/\/zamanturkmenistan.com.tm\/index.php?rest_route=\/wp\/v2\/types\/post"}],"author":[{"embeddable":true,"href":"https:\/\/zamanturkmenistan.com.tm\/index.php?rest_route=\/wp\/v2\/users\/2"}],"replies":[{"embeddable":true,"href":"https:\/\/zamanturkmenistan.com.tm\/index.php?rest_route=%2Fwp%2Fv2%2Fcomments&post=58247"}],"version-history":[{"count":0,"href":"https:\/\/zamanturkmenistan.com.tm\/index.php?rest_route=\/wp\/v2\/posts\/58247\/revisions"}],"wp:featuredmedia":[{"embeddable":true,"href":"https:\/\/zamanturkmenistan.com.tm\/index.php?rest_route=\/wp\/v2\/media\/58248"}],"wp:attachment":[{"href":"https:\/\/zamanturkmenistan.com.tm\/index.php?rest_route=%2Fwp%2Fv2%2Fmedia&parent=58247"}],"wp:term":[{"taxonomy":"category","embeddable":true,"href":"https:\/\/zamanturkmenistan.com.tm\/index.php?rest_route=%2Fwp%2Fv2%2Fcategories&post=58247"},{"taxonomy":"post_tag","embeddable":true,"href":"https:\/\/zamanturkmenistan.com.tm\/index.php?rest_route=%2Fwp%2Fv2%2Ftags&post=58247"}],"curies":[{"name":"wp","href":"https:\/\/api.w.org\/{rel}","templated":true}]}}