{"id":58354,"date":"2022-04-09T09:29:24","date_gmt":"2022-04-09T04:29:24","guid":{"rendered":"https:\/\/zamanturkmenistan.com.tm\/?p=58354"},"modified":"2022-04-09T09:29:24","modified_gmt":"2022-04-09T04:29:24","slug":"dowlet-bastutanymyzyn-gol-ceken-resminamalary-3","status":"publish","type":"post","link":"https:\/\/zamanturkmenistan.com.tm\/?p=58354","title":{"rendered":"D\u00f6wlet Ba\u015ftutanymyzy\u0148 gol \u00e7eken resminamalary"},"content":{"rendered":"<p><strong>Resmi habarlar<\/strong><\/p>\n<p><strong>T\u00fcrkmenistany\u0148 Prezidentini\u0148 Permany<\/strong><\/p>\n<p><strong>A<\/strong><strong>.<\/strong><strong>BEGLI\u00ddEW <\/strong><strong>hakynda<\/strong><\/p>\n<p>A\u015fyrguly Begli\u00fdewi T\u00fcrkmenistany\u0148 Prezidentini\u0148 nebitgaz meseleleri bo\u00fdun\u00e7a ge\u0148e\u015f\u00e7isi wezipesine bellemeli.<\/p>\n<p><strong>T\u00fcrkmenistany\u0148 Prezidenti<\/strong><\/p>\n<p><strong>Serdar BERDIMUHAMEDOW.<\/strong><\/p>\n<p><em>A\u015fgabat \u015f\u00e4heri, 2022-nji \u00fdyly\u0148 8-nji apreli.<\/em><\/p>\n<p style=\"text-align: center;\">* * *<\/p>\n<p><strong>T\u00fcrkmenistany\u0148 Prezidentini\u0148 Permany<\/strong><\/p>\n<p><strong>A<\/strong><strong>.O.<\/strong><strong>\u00ddAZMYRADOW <\/strong><strong>hakynda<\/strong><\/p>\n<p>Annageldi Orazberdi\u00fdewi\u00e7 \u00ddazmyradowy T\u00fcrkmenistany\u0148 Prezidentini\u0148 oba hojalyk meseleleri bo\u00fdun\u00e7a ge\u0148e\u015f\u00e7isi wezipesine bellemeli.<\/p>\n<p><strong>T\u00fcrkmenistany\u0148 Prezidenti<\/strong><\/p>\n<p><strong>Serdar BERDIMUHAMEDOW.<\/strong><\/p>\n<p><em>A\u015fgabat \u015f\u00e4heri, 2022-nji \u00fdyly\u0148 8-nji apreli.<\/em><\/p>\n<p style=\"text-align: center;\">* * *<\/p>\n<p>\u00ddurdumyzda alnyp baryl\u00fdan nebitgaz hem-de oba hojalyk i\u015flerini d\u00f6wr\u00fc\u0148 talabyna la\u00fdyklykda has-da k\u00e4mille\u015fdirmek maksady bilen, T\u00fcrkmenistany\u0148 Prezidenti Karara gol \u00e7ekdi. Resminama la\u00fdyklykda, T\u00fcrkmenistany\u0148 Prezidentini\u0148 nebitgaz meseleleri hem-de oba hojalyk meseleleri bo\u00fdun\u00e7a ge\u0148e\u015f\u00e7ilerini\u0148 wezipelerini girizmek bellenildi.<\/p>\n<p style=\"text-align: center;\">* * *<\/p>\n<p>Berkarar d\u00f6wleti\u0148 t\u00e4ze e\u00fd\u00fdamyny\u0148 Galkyny\u015fy d\u00f6wr\u00fcnde t\u00fcrkmen halkyny\u0148 gadymy, ba\u00fd medeni mirasyny, milli gymmatlyklaryny, \u015f\u00f6hratly taryhyny ylmy esasda \u00f6wrenmek, geljek nesiller \u00fc\u00e7in gorap saklamak, gi\u0148den wagyz etmek, \u015fe\u00fdle hem \u00fdurdumyzy\u0148 \u00e7\u00e4ginde \u00fderle\u015f\u00fd\u00e4n taryhy-medeni \u00fdadyg\u00e4rliklere hem-de g\u00f6zel \u00fderlere da\u015fary \u00fdurtly we \u00fderli sy\u00fdahat\u00e7ylary \u00e7ekmek maksady bilen, T\u00fcrkmenistany\u0148 Prezidenti Karara gol \u00e7ekdi. Resminama la\u00fdyklykda, Milli taryhy-medeni mirasy\u0148 ob\u00fdektlerini a\u00fdap saklamagy\u0148, goramagy\u0148, \u00f6wrenmegi\u0148 hem-de olara sy\u00fdahat\u00e7ylary \u00e7ekmegi\u0148 2022 \u2014 2028-nji \u00fdyllar \u00fc\u00e7in D\u00f6wlet maksatnamasy hem-de \u015fu maksatnamany amala a\u015fyrmak bo\u00fdun\u00e7a \u00fderine \u00fdetirilmeli \u00e7\u00e4releri\u0148 Me\u00fdilnamasy tassyklanyldy. Ministrliklere we pudakla\u00fdyn dolandyry\u015f edaralaryna, wela\u00fdatlary\u0148 h\u00e4kimliklerine Me\u00fdilnamada g\u00f6rkezilen \u00e7\u00e4releri\u0148 bellenen m\u00f6hletlerde talabala\u00fdyk \u00fderine \u00fdetirilmegini \u00fcpj\u00fcn etmek tab\u015fyryldy.<\/p>\n<p style=\"text-align: center;\">* * *<\/p>\n<p>Berkarar d\u00f6wleti\u0148 t\u00e4ze e\u00fd\u00fdamyny\u0148 Galkyny\u015fy d\u00f6wr\u00fcnde \u00fdurdumyzy\u0148 wela\u00fdatlarynda t\u00e4ze binag\u00e4rlik we \u015f\u00e4hergurlu\u015fyk ke\u015fbini kemala getirmek, \u015fe\u00fdle hem ulag we kommunikasi\u00fda toplumyna degi\u015fli edaralary\u0148 i\u015fg\u00e4rleri \u00fc\u00e7in has o\u0148a\u00fdly \u00fda\u015fa\u00fdy\u015f \u015fertlerini d\u00f6retmek maksady bilen, T\u00fcrkmenistany\u0148 Prezidenti Karara gol \u00e7ekdi. Resminama la\u00fdyklykda, Ministrler Kabinetini\u0148 \u00fdanyndaky Ulag we kommunikasi\u00fdalar agentligini\u0148 \u201cT\u00fcrkmenaragatna\u015fyk\u201d agentligine ulag we kommunikasi\u00fda toplumyna degi\u015fli edaralary\u0148 i\u015fg\u00e4rlerine satmak maksady bilen, Balkan wela\u00fdatyny\u0148 T\u00fcrkmenba\u015fy \u015f\u00e4herinde \u00e4hli amatlyklary bolan, 4 gatly, 60 \u00f6\u00fdli 5 sany \u00fda\u015fa\u00fdy\u015f ja\u00fd toplumyny\u0148 taslamasyny d\u00fczmek hem-de ony \u00fdana\u015fyk \u00fderlerini abadanla\u015fdyryp gurmak barada \u201cYnamly hyzmatda\u015flar\u201d hojalyk jemgy\u00fdeti bilen \u015fertnamany \u00f6z seri\u015fdelerini\u0148 hasabyna bagla\u015fmaga ygty\u00fdar berildi.<\/p>\n<p>Gurlu\u015fyk i\u015flerine 2022-nji \u00fdyly\u0148 aprel a\u00fdynda ba\u015flamak hem-de \u00fda\u015fa\u00fdy\u015f ja\u00fd toplumyny 2024-nji \u00fdyly\u0148 aprel a\u00fdynda ulanmaga doly ta\u00fd\u00fdar edip tab\u015fyrmak bellenildi.<\/p>\n<p style=\"text-align: center;\">* * *<\/p>\n<p>T\u00fcrkmenistany\u0148 Prezidenti Bu\u00fdruga gol \u00e7ekdi. Resminama la\u00fdyklykda, wezipe bor\u00e7laryny talabala\u00fdyk \u00fderine \u00fdetirm\u00e4n, i\u015fde go\u00fdberen kem\u00e7ilikleri \u00fc\u00e7in, Ministrler Kabinetini\u0148 Ba\u015flygyny\u0148 orunbasary Abdrahmanow \u015eahyma berk k\u00e4\u00fdin\u00e7 yglan edildi hem-de \u00fdol berlen kem\u00e7ilikleri gysga wagty\u0148 i\u00e7inde d\u00fczetmek o\u0148a so\u0148ky gezek du\u00fdduryldy.<\/p>\n<p style=\"text-align: center;\">* * *<\/p>\n<p>T\u00fcrkmenistany\u0148 Prezidenti Bu\u00fdruga gol \u00e7ekdi. Resminama la\u00fdyklykda, wezipe bor\u00e7laryny talabala\u00fdyk \u00fderine \u00fdetirm\u00e4n, i\u015fde go\u00fdberen kem\u00e7ilikleri \u00fc\u00e7in, Ministrler Kabinetini\u0148 Ba\u015flygyny\u0148 orunbasary Orazgeldi\u00fdew Esenmyrada k\u00e4\u00fdin\u00e7 yglan edildi.<\/p>\n","protected":false},"excerpt":{"rendered":"<p>Resmi habarlar T\u00fcrkmenistany\u0148 Prezidentini\u0148 Permany A.BEGLI\u00ddEW hakynda A\u015fyrguly Begli\u00fdewi T\u00fcrkmenistany\u0148 Prezidentini\u0148 nebitgaz meseleleri bo\u00fdun\u00e7a ge\u0148e\u015f\u00e7isi wezipesine bellemeli. T\u00fcrkmenistany\u0148 Prezidenti Serdar BERDIMUHAMEDOW. A\u015fgabat \u015f\u00e4heri, 2022-nji \u00fdyly\u0148 8-nji apreli. * * * T\u00fcrkmenistany\u0148 Prezidentini\u0148 Permany A.O.\u00ddAZMYRADOW hakynda Annageldi Orazberdi\u00fdewi\u00e7 \u00ddazmyradowy T\u00fcrkmenistany\u0148 Prezidentini\u0148 oba hojalyk meseleleri bo\u00fdun\u00e7a ge\u0148e\u015f\u00e7isi wezipesine bellemeli. T\u00fcrkmenistany\u0148 Prezidenti Serdar BERDIMUHAMEDOW. A\u015fgabat \u015f\u00e4heri, 2022-nji \u00fdyly\u0148 [&hellip;]<\/p>\n","protected":false},"author":2,"featured_media":34687,"comment_status":"open","ping_status":"closed","sticky":false,"template":"","format":"standard","meta":{"footnotes":""},"categories":[3],"tags":[],"acf":[],"_links":{"self":[{"href":"https:\/\/zamanturkmenistan.com.tm\/index.php?rest_route=\/wp\/v2\/posts\/58354"}],"collection":[{"href":"https:\/\/zamanturkmenistan.com.tm\/index.php?rest_route=\/wp\/v2\/posts"}],"about":[{"href":"https:\/\/zamanturkmenistan.com.tm\/index.php?rest_route=\/wp\/v2\/types\/post"}],"author":[{"embeddable":true,"href":"https:\/\/zamanturkmenistan.com.tm\/index.php?rest_route=\/wp\/v2\/users\/2"}],"replies":[{"embeddable":true,"href":"https:\/\/zamanturkmenistan.com.tm\/index.php?rest_route=%2Fwp%2Fv2%2Fcomments&post=58354"}],"version-history":[{"count":0,"href":"https:\/\/zamanturkmenistan.com.tm\/index.php?rest_route=\/wp\/v2\/posts\/58354\/revisions"}],"wp:featuredmedia":[{"embeddable":true,"href":"https:\/\/zamanturkmenistan.com.tm\/index.php?rest_route=\/wp\/v2\/media\/34687"}],"wp:attachment":[{"href":"https:\/\/zamanturkmenistan.com.tm\/index.php?rest_route=%2Fwp%2Fv2%2Fmedia&parent=58354"}],"wp:term":[{"taxonomy":"category","embeddable":true,"href":"https:\/\/zamanturkmenistan.com.tm\/index.php?rest_route=%2Fwp%2Fv2%2Fcategories&post=58354"},{"taxonomy":"post_tag","embeddable":true,"href":"https:\/\/zamanturkmenistan.com.tm\/index.php?rest_route=%2Fwp%2Fv2%2Ftags&post=58354"}],"curies":[{"name":"wp","href":"https:\/\/api.w.org\/{rel}","templated":true}]}}