{"id":58363,"date":"2022-04-09T10:17:37","date_gmt":"2022-04-09T05:17:37","guid":{"rendered":"https:\/\/zamanturkmenistan.com.tm\/?p=58363"},"modified":"2022-04-09T10:17:37","modified_gmt":"2022-04-09T05:17:37","slug":"turkmenbasy-saherinde-gurlan-400-orunlyk-kopugurly-hassahana-ulanmaga-berler","status":"publish","type":"post","link":"https:\/\/zamanturkmenistan.com.tm\/?p=58363","title":{"rendered":"T\u00fcrkmenba\u015fy \u015f\u00e4herinde gurlan 400 orunlyk k\u00f6pugurly hassahana ulanmaga berler"},"content":{"rendered":"<p>8-nji aprelde ge\u00e7irlen Ministrler Kabinetini\u0148 mejlisinde Hormatly Prezidentimiz Serdar Berdimuhamedow Balkan wela\u00fdatyny\u0148 T\u00fcrkmenba\u015fy \u015f\u00e4herinde gurlan saglygy gora\u00fdy\u015f ulgamyna degi\u015fli t\u00e4ze toplumy\u0148 ulanmaga berilmegine g\u00f6r\u00fcl\u00fd\u00e4n ta\u00fd\u00fdarlyk i\u015fleri bilen gyzyklandy.<\/p>\n<p>Balkan wela\u00fdatyny\u0148 h\u00e4kimi wela\u00fdaty\u0148 T\u00fcrkmenba\u015fy \u015f\u00e4herinde gurlan 400 orunlyk k\u00f6pugurly hassahanany\u0148 gurlu\u015fygyny\u0148 doly tamamlanandygyny we toplumy\u0148 a\u00e7yly\u015f dabarasyna ta\u00fd\u00fdarlyk g\u00f6r\u00fcl\u00fd\u00e4ndigini a\u00fddyp, dabaraly \u00e7\u00e4re mynasybetli i\u015flenip ta\u00fd\u00fdarlanylan medeni maksatnama barada hasabat berdi.<\/p>\n<p>Hormatly Prezidentimiz hasabaty di\u0148l\u00e4p, \u00fdurdumyzy\u0148 \u00e4hli k\u00fcnjeklerinde bol\u015fy \u00fdaly, Balkan wela\u00fdatynda hem gurul\u00fdan durmu\u015f maksatly binalary\u0148, \u015fol sanda T\u00fcrkmenba\u015fy \u015f\u00e4herinde gurlu\u015fygy tamamlanan k\u00f6pugurly hassahanany\u0148 \u00e4hmi\u00fdeti barada a\u00fddyp, t\u00e4ze toplumy\u0148 a\u00e7yly\u015f dabarasyny gurama\u00e7ylykly ge\u00e7irmek, me\u00fdille\u015fdirilen \u00e7\u00e4releri\u0148 \u00fdatda galyjy wakalara beslenmegini \u00fcpj\u00fcn etmek babatda h\u00e4kime hem-de be\u00fdleki degi\u015fli \u00fdolba\u015f\u00e7ylara birn\u00e4\u00e7e tab\u015fyryklary berdi.<\/p>\n","protected":false},"excerpt":{"rendered":"<p>8-nji aprelde ge\u00e7irlen Ministrler Kabinetini\u0148 mejlisinde Hormatly Prezidentimiz Serdar Berdimuhamedow Balkan wela\u00fdatyny\u0148 T\u00fcrkmenba\u015fy \u015f\u00e4herinde gurlan saglygy gora\u00fdy\u015f ulgamyna degi\u015fli t\u00e4ze toplumy\u0148 ulanmaga berilmegine g\u00f6r\u00fcl\u00fd\u00e4n ta\u00fd\u00fdarlyk i\u015fleri bilen gyzyklandy. Balkan wela\u00fdatyny\u0148 h\u00e4kimi wela\u00fdaty\u0148 T\u00fcrkmenba\u015fy \u015f\u00e4herinde gurlan 400 orunlyk k\u00f6pugurly hassahanany\u0148 gurlu\u015fygyny\u0148 doly tamamlanandygyny we toplumy\u0148 a\u00e7yly\u015f dabarasyna ta\u00fd\u00fdarlyk g\u00f6r\u00fcl\u00fd\u00e4ndigini a\u00fddyp, dabaraly \u00e7\u00e4re mynasybetli i\u015flenip ta\u00fd\u00fdarlanylan medeni [&hellip;]<\/p>\n","protected":false},"author":2,"featured_media":58365,"comment_status":"open","ping_status":"closed","sticky":false,"template":"","format":"standard","meta":{"footnotes":""},"categories":[3],"tags":[],"acf":[],"_links":{"self":[{"href":"https:\/\/zamanturkmenistan.com.tm\/index.php?rest_route=\/wp\/v2\/posts\/58363"}],"collection":[{"href":"https:\/\/zamanturkmenistan.com.tm\/index.php?rest_route=\/wp\/v2\/posts"}],"about":[{"href":"https:\/\/zamanturkmenistan.com.tm\/index.php?rest_route=\/wp\/v2\/types\/post"}],"author":[{"embeddable":true,"href":"https:\/\/zamanturkmenistan.com.tm\/index.php?rest_route=\/wp\/v2\/users\/2"}],"replies":[{"embeddable":true,"href":"https:\/\/zamanturkmenistan.com.tm\/index.php?rest_route=%2Fwp%2Fv2%2Fcomments&post=58363"}],"version-history":[{"count":0,"href":"https:\/\/zamanturkmenistan.com.tm\/index.php?rest_route=\/wp\/v2\/posts\/58363\/revisions"}],"wp:featuredmedia":[{"embeddable":true,"href":"https:\/\/zamanturkmenistan.com.tm\/index.php?rest_route=\/wp\/v2\/media\/58365"}],"wp:attachment":[{"href":"https:\/\/zamanturkmenistan.com.tm\/index.php?rest_route=%2Fwp%2Fv2%2Fmedia&parent=58363"}],"wp:term":[{"taxonomy":"category","embeddable":true,"href":"https:\/\/zamanturkmenistan.com.tm\/index.php?rest_route=%2Fwp%2Fv2%2Fcategories&post=58363"},{"taxonomy":"post_tag","embeddable":true,"href":"https:\/\/zamanturkmenistan.com.tm\/index.php?rest_route=%2Fwp%2Fv2%2Ftags&post=58363"}],"curies":[{"name":"wp","href":"https:\/\/api.w.org\/{rel}","templated":true}]}}