{"id":58509,"date":"2022-04-13T10:01:51","date_gmt":"2022-04-13T05:01:51","guid":{"rendered":"https:\/\/zamanturkmenistan.com.tm\/?p=58509"},"modified":"2022-04-13T10:01:51","modified_gmt":"2022-04-13T05:01:51","slug":"wan-damm-diplomat-boldy","status":"publish","type":"post","link":"https:\/\/zamanturkmenistan.com.tm\/?p=58509","title":{"rendered":"Wan Damm dip\u00adlo\u00admat bol\u00addy"},"content":{"rendered":"<p>Me\u015f\u00adhur akt\u00ad\u00fdor, sse\u00adna\u00adrist we s\u00f6\u00adwe\u015f sun\u00adga\u00adty\u00adny\u0148 us\u00adsa\u00addy \u017dan-Klod Wan Damm Kon\u00adgo De\u00admok\u00adra\u00adtik Res\u00adpub\u00adli\u00adka\u00adsy\u00adny\u0148 dip\u00adlo\u00adma\u00adtik pas\u00adpor\u00adty\u00adny\u0148 e\u00fde\u00adsi bol\u00addy. 61 \u00fda\u015f\u00adly Wan Damm bu de\u00adre\u00adj\u00e4\u00adni\u0148 Af\u00adri\u00adka \u00fdur\u00addu\u00adny\u0148 \u00fda\u015f\u00adla\u00adry\u00adny, spor\u00adtu\u00adny we \u00fda\u00adba\u00adny te\u00adbi\u00adga\u00adty\u00adny d\u00fcn\u00ad\u00fd\u00e4 ta\u00adnat\u00adma\u00adga \u00fdar\u00addam ber\u00adjek\u00addi\u00adgi\u00adni bel\u00adle\u00addi.<\/p>\n","protected":false},"excerpt":{"rendered":"<p>Me\u015f\u00adhur akt\u00ad\u00fdor, sse\u00adna\u00adrist we s\u00f6\u00adwe\u015f sun\u00adga\u00adty\u00adny\u0148 us\u00adsa\u00addy \u017dan-Klod Wan Damm Kon\u00adgo De\u00admok\u00adra\u00adtik Res\u00adpub\u00adli\u00adka\u00adsy\u00adny\u0148 dip\u00adlo\u00adma\u00adtik pas\u00adpor\u00adty\u00adny\u0148 e\u00fde\u00adsi bol\u00addy. 61 \u00fda\u015f\u00adly Wan Damm bu de\u00adre\u00adj\u00e4\u00adni\u0148 Af\u00adri\u00adka \u00fdur\u00addu\u00adny\u0148 \u00fda\u015f\u00adla\u00adry\u00adny, spor\u00adtu\u00adny we \u00fda\u00adba\u00adny te\u00adbi\u00adga\u00adty\u00adny d\u00fcn\u00ad\u00fd\u00e4 ta\u00adnat\u00adma\u00adga \u00fdar\u00addam ber\u00adjek\u00addi\u00adgi\u00adni bel\u00adle\u00addi.<\/p>\n","protected":false},"author":2,"featured_media":58510,"comment_status":"open","ping_status":"closed","sticky":false,"template":"","format":"standard","meta":{"footnotes":""},"categories":[5],"tags":[],"acf":[],"_links":{"self":[{"href":"https:\/\/zamanturkmenistan.com.tm\/index.php?rest_route=\/wp\/v2\/posts\/58509"}],"collection":[{"href":"https:\/\/zamanturkmenistan.com.tm\/index.php?rest_route=\/wp\/v2\/posts"}],"about":[{"href":"https:\/\/zamanturkmenistan.com.tm\/index.php?rest_route=\/wp\/v2\/types\/post"}],"author":[{"embeddable":true,"href":"https:\/\/zamanturkmenistan.com.tm\/index.php?rest_route=\/wp\/v2\/users\/2"}],"replies":[{"embeddable":true,"href":"https:\/\/zamanturkmenistan.com.tm\/index.php?rest_route=%2Fwp%2Fv2%2Fcomments&post=58509"}],"version-history":[{"count":0,"href":"https:\/\/zamanturkmenistan.com.tm\/index.php?rest_route=\/wp\/v2\/posts\/58509\/revisions"}],"wp:featuredmedia":[{"embeddable":true,"href":"https:\/\/zamanturkmenistan.com.tm\/index.php?rest_route=\/wp\/v2\/media\/58510"}],"wp:attachment":[{"href":"https:\/\/zamanturkmenistan.com.tm\/index.php?rest_route=%2Fwp%2Fv2%2Fmedia&parent=58509"}],"wp:term":[{"taxonomy":"category","embeddable":true,"href":"https:\/\/zamanturkmenistan.com.tm\/index.php?rest_route=%2Fwp%2Fv2%2Fcategories&post=58509"},{"taxonomy":"post_tag","embeddable":true,"href":"https:\/\/zamanturkmenistan.com.tm\/index.php?rest_route=%2Fwp%2Fv2%2Ftags&post=58509"}],"curies":[{"name":"wp","href":"https:\/\/api.w.org\/{rel}","templated":true}]}}