{"id":58705,"date":"2022-04-15T17:03:04","date_gmt":"2022-04-15T12:03:04","guid":{"rendered":"https:\/\/zamanturkmenistan.com.tm\/?p=58705"},"modified":"2022-04-18T15:42:59","modified_gmt":"2022-04-18T10:42:59","slug":"taze-yasayys-jaylarynyn-5-sinin-duybuni-tutuldy","status":"publish","type":"post","link":"https:\/\/zamanturkmenistan.com.tm\/?p=58705","title":{"rendered":"T\u00e4ze \u00fda\u015fa\u00fdy\u015f ja\u00fdlaryny\u0148 5-sini\u0148 d\u00fc\u00fdbi tutuldy"},"content":{"rendered":"<p>\u015eu g\u00fcn Balkan wela\u00fdatyny\u0148 T\u00fcrkmenba\u015fy \u015f\u00e4herinde ulag we kommunikasi\u00fda edaralaryny\u0148 i\u015fg\u00e4rleri \u00fc\u00e7in t\u00e4ze \u00fda\u015fa\u00fdy\u015f ja\u00fdlaryny\u0148 5-sini\u0148 d\u00fc\u00fdb\u00fcni tutmak dabarasy ge\u00e7irildi.<\/p>\n<p>Iri \u00fda\u015fa\u00fdy\u015f ja\u00fd toplumyny\u0148 gurlu\u015fyk i\u015fleri \u00abT\u00fcrkmenaragatna\u015fyk\u00bb agentligini\u0148 bu\u00fdurmasy bo\u00fdun\u00e7a \u00abYnamly hyzmatda\u015flar\u00bb hojalyk jemgy\u00fdeti tarapyndan alnyp barlar.<strong><em>\u00a0<\/em><\/strong>D\u00f6wlet Ba\u015ftutanymyzy\u0148 8-nji aprelde gol \u00e7eken Kararyna la\u00fdyklykda, ulag-kom\u00admu\u00adni\u00adka\u00adsi\u00ad\u00fda top\u00adlu\u00admy\u00adny\u0148 i\u015f\u00adg\u00e4r\u00adle\u00adri \u00fc\u00e7in ni\u00fdetlenen, \u00e4hli amatlyklary bolan 4 gatly, 60 \u00f6\u00fdli 5 sany \u00fda\u015fa\u00fdy\u015f ja\u00fdyny\u0148 gurlu\u015fyk i\u015fleri 2024-nji \u00fdyly\u0148 aprel a\u00fdynda tamamlanar.<\/p>\n<p>&nbsp;<\/p>\n","protected":false},"excerpt":{"rendered":"<p>\u015eu g\u00fcn Balkan wela\u00fdatyny\u0148 T\u00fcrkmenba\u015fy \u015f\u00e4herinde ulag we kommunikasi\u00fda edaralaryny\u0148 i\u015fg\u00e4rleri \u00fc\u00e7in t\u00e4ze \u00fda\u015fa\u00fdy\u015f ja\u00fdlaryny\u0148 5-sini\u0148 d\u00fc\u00fdb\u00fcni tutmak dabarasy ge\u00e7irildi. Iri \u00fda\u015fa\u00fdy\u015f ja\u00fd toplumyny\u0148 gurlu\u015fyk i\u015fleri \u00abT\u00fcrkmenaragatna\u015fyk\u00bb agentligini\u0148 bu\u00fdurmasy bo\u00fdun\u00e7a \u00abYnamly hyzmatda\u015flar\u00bb hojalyk jemgy\u00fdeti tarapyndan alnyp barlar.\u00a0D\u00f6wlet Ba\u015ftutanymyzy\u0148 8-nji aprelde gol \u00e7eken Kararyna la\u00fdyklykda, ulag-kom\u00admu\u00adni\u00adka\u00adsi\u00ad\u00fda top\u00adlu\u00admy\u00adny\u0148 i\u015f\u00adg\u00e4r\u00adle\u00adri \u00fc\u00e7in ni\u00fdetlenen, \u00e4hli amatlyklary bolan 4 gatly, 60 [&hellip;]<\/p>\n","protected":false},"author":2,"featured_media":58707,"comment_status":"open","ping_status":"closed","sticky":false,"template":"","format":"standard","meta":{"footnotes":""},"categories":[3],"tags":[3229],"acf":[],"_links":{"self":[{"href":"https:\/\/zamanturkmenistan.com.tm\/index.php?rest_route=\/wp\/v2\/posts\/58705"}],"collection":[{"href":"https:\/\/zamanturkmenistan.com.tm\/index.php?rest_route=\/wp\/v2\/posts"}],"about":[{"href":"https:\/\/zamanturkmenistan.com.tm\/index.php?rest_route=\/wp\/v2\/types\/post"}],"author":[{"embeddable":true,"href":"https:\/\/zamanturkmenistan.com.tm\/index.php?rest_route=\/wp\/v2\/users\/2"}],"replies":[{"embeddable":true,"href":"https:\/\/zamanturkmenistan.com.tm\/index.php?rest_route=%2Fwp%2Fv2%2Fcomments&post=58705"}],"version-history":[{"count":0,"href":"https:\/\/zamanturkmenistan.com.tm\/index.php?rest_route=\/wp\/v2\/posts\/58705\/revisions"}],"wp:featuredmedia":[{"embeddable":true,"href":"https:\/\/zamanturkmenistan.com.tm\/index.php?rest_route=\/wp\/v2\/media\/58707"}],"wp:attachment":[{"href":"https:\/\/zamanturkmenistan.com.tm\/index.php?rest_route=%2Fwp%2Fv2%2Fmedia&parent=58705"}],"wp:term":[{"taxonomy":"category","embeddable":true,"href":"https:\/\/zamanturkmenistan.com.tm\/index.php?rest_route=%2Fwp%2Fv2%2Fcategories&post=58705"},{"taxonomy":"post_tag","embeddable":true,"href":"https:\/\/zamanturkmenistan.com.tm\/index.php?rest_route=%2Fwp%2Fv2%2Ftags&post=58705"}],"curies":[{"name":"wp","href":"https:\/\/api.w.org\/{rel}","templated":true}]}}