{"id":58992,"date":"2022-04-20T15:37:19","date_gmt":"2022-04-20T10:37:19","guid":{"rendered":"https:\/\/zamanturkmenistan.com.tm\/?p=58992"},"modified":"2022-04-20T15:37:19","modified_gmt":"2022-04-20T10:37:19","slug":"turkmenistanyn-at-gazanan-atsynasy-diyen-hormatly-at-dakyldy","status":"publish","type":"post","link":"https:\/\/zamanturkmenistan.com.tm\/?p=58992","title":{"rendered":"\u00abT\u00fcrkmenistany\u0148 at gazanan at\u015fynasy\u00bb di\u00fden hormatly at dakyldy"},"content":{"rendered":"<p><strong><em>\u015eu g\u00fcn pa\u00fdtagtymyzdaky \u00abOguzkent\u00bb myhmanhanasynda ge\u00e7irilen Halkara ahalteke at\u00e7ylyk assosiasi\u00fdasyny\u0148 XII mejlisini\u0148 dowamynda hormatly Prezidentimiz Serdar Berdimuhamedow ahalteke at\u00e7ylygyny \u00f6sd\u00fcrm\u00e4ge mynasyp go\u015fant go\u015fan \u00fdurdumyzy\u0148 at\u015fynaslaryna, \u015fe\u00fdle-de assosiasi\u00fdany\u0148 agzalary bolan da\u015fary \u00fdurtly ra\u00fdatlara \u00abT\u00fcrkmenistany\u0148 at gazanan at\u015fynasy\u00bb di\u00fden hormatly ady dakmak hakynda Permanlara we<\/em><\/strong><em>\u00a0<strong>assosiasi\u00fdany\u0148 Dolandyry\u015f m\u00fcdiri\u00fdetini\u0148 t\u00fcrkmen hem-de da\u015fary \u00fdurtly t\u00e4ze agzalaryny kabul etmek baradaky \u00e7\u00f6zg\u00fcdini tassyklamak hakynda Kararlara gol \u00e7ekdi.<\/strong><\/em><\/p>\n<p>D\u00f6wlet Ba\u015ftutanymyzy\u0148 Permanyna la\u00fdyklykda, \u00abT\u00fcrkmenistany\u0148 at gazanan at\u015fynasy\u00bb di\u00fden hormatly ada mynasyp bolan, Halkara ahalteke at\u00e7ylyk assosiasi\u00fdasyny\u0148 agzasy, \u00ddaponi\u00fdany\u0148 \u00abAkhal-teke Affinity Co.LTD\u00bb hojalyk jemgy\u00fdetini\u0148 ba\u015f direktory Mi\u00e7iko Aoe mejlisde sanly ulgam arkaly eden \u00e7yky\u015fynda hormatly Prezidentimizi sa\u00fdlawlarda gazanan ynamly \u00fde\u0148\u015fi bilen gutlap: \u00abGo\u00fd, gazanan \u00fde\u0148\u015fi\u0148iz Size \u00fdokary d\u00f6wlet wezip\u00e4\u0148izde netijeli i\u015flemekde, b\u00fctin d\u00fcn\u00fd\u00e4de assosiasi\u00fdany\u0148 abra\u00fdyny g\u00fc\u00fd\u00e7lendirmekde, onu\u0148 i\u015f me\u00fdilnamalaryny durmu\u015fa ge\u00e7irmekde, \u015fe\u00fdle-de bu aja\u00fdyp arassa ganly tohum atyny gorap saklamakda ylham we t\u00e4ze g\u00fc\u00fd\u00e7 bersin! Bizi\u0148 \u00fdurdumyzda \u00fderli at\u015fynaslar tarapyndan behi\u015fdi ahalteke bedewlerine barha k\u00f6p gyzyklanma bildiril\u00fd\u00e4r. T\u00fcrkmen bedewini\u0148 milli ba\u00fdramyny\u0148 \u00e7\u00e4klerinde \u00fdokary d\u00f6wlet sylagy bilen sylaglanandygym \u00fc\u00e7in t\u00fc\u00fds \u00fd\u00fcrekden ho\u015fallyk bildir\u00fd\u00e4rin. Geljekde-de assosiasi\u00fdany\u0148 \u00f6s\u00fc\u015fi \u00fc\u00e7in go\u015fandymy go\u015fmagymy dowam etdirjekdigime ynandyr\u00fdaryn\u00bb di\u00fdip belledi.<\/p>\n<p>Halkara ahalteke at\u00e7ylyk assosiasi\u00fdasyny\u0148 agzalygyna t\u00e4ze kabul edilen, Gazagystan Respublikasyny\u0148 Medeni\u00fdet we sport ministrligini\u0148 Sport we bedenterbi\u00fde komitetini\u0148 \u00abMilli atly sport g\u00f6rn\u00fc\u015fleri merkezini\u0148\u00bb direktory Aman\u017eol Amandykowi\u00e7 Hasenow bolsa agzalyga kabul edilmek baradaky ha\u00fdy\u015fnamasyny\u0148 kanagatlandyrylmagyny\u0148 \u00f6z\u00fcnde \u00fdakymly du\u00fdgulary d\u00f6redendigini a\u00fddyp, sanly ulgam arkaly \u00e7yky\u015fynda:<\/p>\n<p>\u2014 Men t\u00fcrkmen halkyny\u0148 ba\u00fd medeni\u00fdetine, d\u00e4p-dessurlaryna we taryhyna uly gyzyklanma bildir\u00fd\u00e4rin. Taryhy \u00e7e\u015fmelerde bellenili\u015fi \u00fdaly, ahalteke bedewleri t\u00fcrkmen topragynda kemala gelen i\u0148 gadymy tohum atydyr. Gazagystanda en\u00e7eme \u00fdyldan b\u00e4ri at\u00e7ylyk bilen me\u015fgullanyp gel\u00fd\u00e4rin. \u00d6z gezegimde, Halkara ahalteke at\u00e7ylyk assosiasi\u00fdasyny\u0148 agzalary bilen bilelikde bu abra\u00fdly edarany\u0148 i\u015fini mundan be\u00fdl\u00e4k-de \u00f6sd\u00fcrm\u00e4ge go\u015fant go\u015fjakdygyma ynandyr\u00fdaryn \u2014 di\u00fdip nygtady we \u00fdetip gel\u00fd\u00e4n T\u00fcrkmen bedewini\u0148 milli ba\u00fdramy mynasybetli i\u0148 gowy arzuwlaryny be\u00fdan etdi.<\/p>\n","protected":false},"excerpt":{"rendered":"<p>\u015eu g\u00fcn pa\u00fdtagtymyzdaky \u00abOguzkent\u00bb myhmanhanasynda ge\u00e7irilen Halkara ahalteke at\u00e7ylyk assosiasi\u00fdasyny\u0148 XII mejlisini\u0148 dowamynda hormatly Prezidentimiz Serdar Berdimuhamedow ahalteke at\u00e7ylygyny \u00f6sd\u00fcrm\u00e4ge mynasyp go\u015fant go\u015fan \u00fdurdumyzy\u0148 at\u015fynaslaryna, \u015fe\u00fdle-de assosiasi\u00fdany\u0148 agzalary bolan da\u015fary \u00fdurtly ra\u00fdatlara \u00abT\u00fcrkmenistany\u0148 at gazanan at\u015fynasy\u00bb di\u00fden hormatly ady dakmak hakynda Permanlara we\u00a0assosiasi\u00fdany\u0148 Dolandyry\u015f m\u00fcdiri\u00fdetini\u0148 t\u00fcrkmen hem-de da\u015fary \u00fdurtly t\u00e4ze agzalaryny kabul etmek baradaky \u00e7\u00f6zg\u00fcdini [&hellip;]<\/p>\n","protected":false},"author":2,"featured_media":58993,"comment_status":"open","ping_status":"closed","sticky":false,"template":"","format":"standard","meta":{"footnotes":""},"categories":[3],"tags":[],"acf":[],"_links":{"self":[{"href":"https:\/\/zamanturkmenistan.com.tm\/index.php?rest_route=\/wp\/v2\/posts\/58992"}],"collection":[{"href":"https:\/\/zamanturkmenistan.com.tm\/index.php?rest_route=\/wp\/v2\/posts"}],"about":[{"href":"https:\/\/zamanturkmenistan.com.tm\/index.php?rest_route=\/wp\/v2\/types\/post"}],"author":[{"embeddable":true,"href":"https:\/\/zamanturkmenistan.com.tm\/index.php?rest_route=\/wp\/v2\/users\/2"}],"replies":[{"embeddable":true,"href":"https:\/\/zamanturkmenistan.com.tm\/index.php?rest_route=%2Fwp%2Fv2%2Fcomments&post=58992"}],"version-history":[{"count":0,"href":"https:\/\/zamanturkmenistan.com.tm\/index.php?rest_route=\/wp\/v2\/posts\/58992\/revisions"}],"wp:featuredmedia":[{"embeddable":true,"href":"https:\/\/zamanturkmenistan.com.tm\/index.php?rest_route=\/wp\/v2\/media\/58993"}],"wp:attachment":[{"href":"https:\/\/zamanturkmenistan.com.tm\/index.php?rest_route=%2Fwp%2Fv2%2Fmedia&parent=58992"}],"wp:term":[{"taxonomy":"category","embeddable":true,"href":"https:\/\/zamanturkmenistan.com.tm\/index.php?rest_route=%2Fwp%2Fv2%2Fcategories&post=58992"},{"taxonomy":"post_tag","embeddable":true,"href":"https:\/\/zamanturkmenistan.com.tm\/index.php?rest_route=%2Fwp%2Fv2%2Ftags&post=58992"}],"curies":[{"name":"wp","href":"https:\/\/api.w.org\/{rel}","templated":true}]}}