{"id":59195,"date":"2022-04-23T13:26:41","date_gmt":"2022-04-23T08:26:41","guid":{"rendered":"https:\/\/zamanturkmenistan.com.tm\/?p=59195"},"modified":"2022-04-23T13:26:41","modified_gmt":"2022-04-23T08:26:41","slug":"gadyr-gijesi-mynasybetli-guna-gecislik","status":"publish","type":"post","link":"https:\/\/zamanturkmenistan.com.tm\/?p=59195","title":{"rendered":"Gadyr gijesi mynasybetli g\u00fcn\u00e4 ge\u00e7i\u015flik"},"content":{"rendered":"<p>21-nji aprelde hormatly Prezidentimiz Serdar Berdimuhamedow sanly ulgam arkaly Ministrler Kabinetini\u0148 nobatdaky mejlisini ge\u00e7irdi. Onda birn\u00e4\u00e7e meselelere hem-de k\u00e4bir resminamalary\u0148 taslamalaryna garaldy.<\/p>\n<p>D\u00f6wlet Ba\u015ftutanymyz mejlisi a\u00e7yp, hemi\u015fe bol\u015fy \u00fdaly, jena\u00fdat edendikleri \u00fc\u00e7in i\u015f kesilen we eden etmi\u015flerine \u00f6k\u00fcnip, ak \u00fd\u00fcrekden toba gelen ra\u00fdatlary\u0148 mukaddes Gadyr gijesini\u0148 \u00f6\u0148 \u00fdanynda g\u00fcn\u00e4sini\u0148 ge\u00e7il\u00fd\u00e4ndigini belledi. Be\u00fdik ata-babalarymyzy\u0148 rehimdarlyk we ynsanperwerlik d\u00e4plerinden ugur alyp, olary jeza \u00e7ekmekden bo\u015fatmak \u00fdaly sahawatly \u00e7\u00e4releri ge\u00e7ir\u00fd\u00e4ris di\u00fdip, hormatly Prezidentimiz a\u00fdtdy.<\/p>\n<p>So\u0148ra goranmak ministri, D\u00f6wlet howpsuzlyk ge\u0148e\u015fini\u0148 sekretary, T\u00fcrkmenistany\u0148 Prezidentini\u0148 \u00fdanyndaky Ra\u00fdatlyk we g\u00fcn\u00e4 ge\u00e7mek meseleleri bo\u00fdun\u00e7a teklipleri ta\u00fd\u00fdarlamak baradaky topary\u0148 ba\u015flygy B.G\u00fcndogdy\u00fdewe s\u00f6z berildi. Ol topar tarapyndan bu ugurda ge\u00e7irilen i\u015fleri\u0148 netijeleri barada hasabat berdi.<\/p>\n<p>D\u00f6wlet Ba\u015ftutanymyz hasabaty di\u0148l\u00e4p, asylly d\u00e4be e\u00fderip, jena\u00fdat edendikleri \u00fc\u00e7in i\u015f kesilen 514 ra\u00fdaty\u0148 m\u00fcb\u00e4rek Gadyr gijesi mynasybetli g\u00fcn\u00e4sini ge\u00e7mek hakynda Permana gol \u00e7ekdi.<\/p>\n","protected":false},"excerpt":{"rendered":"<p>21-nji aprelde hormatly Prezidentimiz Serdar Berdimuhamedow sanly ulgam arkaly Ministrler Kabinetini\u0148 nobatdaky mejlisini ge\u00e7irdi. Onda birn\u00e4\u00e7e meselelere hem-de k\u00e4bir resminamalary\u0148 taslamalaryna garaldy. D\u00f6wlet Ba\u015ftutanymyz mejlisi a\u00e7yp, hemi\u015fe bol\u015fy \u00fdaly, jena\u00fdat edendikleri \u00fc\u00e7in i\u015f kesilen we eden etmi\u015flerine \u00f6k\u00fcnip, ak \u00fd\u00fcrekden toba gelen ra\u00fdatlary\u0148 mukaddes Gadyr gijesini\u0148 \u00f6\u0148 \u00fdanynda g\u00fcn\u00e4sini\u0148 ge\u00e7il\u00fd\u00e4ndigini belledi. Be\u00fdik ata-babalarymyzy\u0148 rehimdarlyk we [&hellip;]<\/p>\n","protected":false},"author":2,"featured_media":59196,"comment_status":"open","ping_status":"closed","sticky":false,"template":"","format":"standard","meta":{"footnotes":""},"categories":[3],"tags":[],"acf":[],"_links":{"self":[{"href":"https:\/\/zamanturkmenistan.com.tm\/index.php?rest_route=\/wp\/v2\/posts\/59195"}],"collection":[{"href":"https:\/\/zamanturkmenistan.com.tm\/index.php?rest_route=\/wp\/v2\/posts"}],"about":[{"href":"https:\/\/zamanturkmenistan.com.tm\/index.php?rest_route=\/wp\/v2\/types\/post"}],"author":[{"embeddable":true,"href":"https:\/\/zamanturkmenistan.com.tm\/index.php?rest_route=\/wp\/v2\/users\/2"}],"replies":[{"embeddable":true,"href":"https:\/\/zamanturkmenistan.com.tm\/index.php?rest_route=%2Fwp%2Fv2%2Fcomments&post=59195"}],"version-history":[{"count":0,"href":"https:\/\/zamanturkmenistan.com.tm\/index.php?rest_route=\/wp\/v2\/posts\/59195\/revisions"}],"wp:featuredmedia":[{"embeddable":true,"href":"https:\/\/zamanturkmenistan.com.tm\/index.php?rest_route=\/wp\/v2\/media\/59196"}],"wp:attachment":[{"href":"https:\/\/zamanturkmenistan.com.tm\/index.php?rest_route=%2Fwp%2Fv2%2Fmedia&parent=59195"}],"wp:term":[{"taxonomy":"category","embeddable":true,"href":"https:\/\/zamanturkmenistan.com.tm\/index.php?rest_route=%2Fwp%2Fv2%2Fcategories&post=59195"},{"taxonomy":"post_tag","embeddable":true,"href":"https:\/\/zamanturkmenistan.com.tm\/index.php?rest_route=%2Fwp%2Fv2%2Ftags&post=59195"}],"curies":[{"name":"wp","href":"https:\/\/api.w.org\/{rel}","templated":true}]}}