{"id":59311,"date":"2022-04-23T19:41:13","date_gmt":"2022-04-23T14:41:13","guid":{"rendered":"https:\/\/zamanturkmenistan.com.tm\/?p=59311"},"modified":"2022-04-25T19:49:13","modified_gmt":"2022-04-25T14:49:13","slug":"2040-njy-yyla-cenli-tamamlanar","status":"publish","type":"post","link":"https:\/\/zamanturkmenistan.com.tm\/?p=59311","title":{"rendered":"2040-njy \u00fdyla \u00e7enli tamamlanar"},"content":{"rendered":"<p>D\u00fcn\u00fd\u00e4ni\u0148 \u00f6\u0148debaryjy kompani\u00fdalary i\u00e7inden otlan\u00fdan hereketlendirijili ulaglaryny\u0148 \u00f6n\u00fcm\u00e7iligini \u00fdatyrjak senesini m\u00e4lim ed\u00fd\u00e4rler. Olary\u0148 hataryna \u201cAudi\u201d hem go\u015fuldy. Kompani\u00fda 2040-njy \u00fdyldan ba\u015flap adaty \u00fdangy\u00e7ly ulaglaryny\u0148 \u00f6n\u00fcm\u00e7iligini dolulygyna \u00fdatyrar. \u015ee\u00fdle-de bolsa, brend 2033-nji \u00fdyldan ba\u015flap, \u00ddewropada nebit \u00fdangy\u00e7ly ulag satuwyny \u00fdatyrar. Bu brende e\u00fde\u00e7ilik ed\u00fd\u00e4n \u201cVolkswagen\u201d bolsa, 2035-nji \u00fdyldan ba\u015flap, bu ulaglary\u0148 \u00ddewropa \u00fdurtlaryndaky satuwyny duruzar. Nemes brendi ondan so\u0148ky \u00fdyllarda Hyta\u00fdda we AB\u015e-da \u015fe\u00fdle d\u00fczg\u00fcni \u00fdola go\u00fdar.<\/p>\n<p>Birn\u00e4\u00e7e \u00fdyldan \u00ddewropa \u00fdurtlarynda \u201cEuro 7\u201d \u00fdangyjyny\u0148 ulanylmagy talap ediljekdigi bellenil\u00fd\u00e4r. Munu\u0148 bolsa elektroulaglara islegi has-da artdyrmagyna gara\u015fyl\u00fdar.<\/p>\n<p>Germani\u00fda 2030-njy \u00fdyla \u00e7enli adaty \u00fdangy\u00e7ly ulaglary tapgyrla\u00fdyn azaltmagy maksat edin\u00fd\u00e4r. \u00ddurtda 2035-nji \u00fdyla \u00e7enli elektrik energi\u00fdasy di\u0148e ga\u00fdtadan dikeldil\u00fd\u00e4n \u00e7e\u015fmelerden \u00fcpj\u00fcn ediler.<\/p>\n<p style=\"text-align: right;\"><strong>A\u00fdnag\u00f6zel \u015eamyradowa, T\u00fcrkmen d\u00f6wlet mali\u00fde institutyny\u0148 talyby.<\/strong><\/p>\n","protected":false},"excerpt":{"rendered":"<p>D\u00fcn\u00fd\u00e4ni\u0148 \u00f6\u0148debaryjy kompani\u00fdalary i\u00e7inden otlan\u00fdan hereketlendirijili ulaglaryny\u0148 \u00f6n\u00fcm\u00e7iligini \u00fdatyrjak senesini m\u00e4lim ed\u00fd\u00e4rler. Olary\u0148 hataryna \u201cAudi\u201d hem go\u015fuldy. Kompani\u00fda 2040-njy \u00fdyldan ba\u015flap adaty \u00fdangy\u00e7ly ulaglaryny\u0148 \u00f6n\u00fcm\u00e7iligini dolulygyna \u00fdatyrar. \u015ee\u00fdle-de bolsa, brend 2033-nji \u00fdyldan ba\u015flap, \u00ddewropada nebit \u00fdangy\u00e7ly ulag satuwyny \u00fdatyrar. Bu brende e\u00fde\u00e7ilik ed\u00fd\u00e4n \u201cVolkswagen\u201d bolsa, 2035-nji \u00fdyldan ba\u015flap, bu ulaglary\u0148 \u00ddewropa \u00fdurtlaryndaky satuwyny duruzar. Nemes [&hellip;]<\/p>\n","protected":false},"author":2,"featured_media":44717,"comment_status":"open","ping_status":"closed","sticky":false,"template":"","format":"standard","meta":{"footnotes":""},"categories":[5],"tags":[],"acf":[],"_links":{"self":[{"href":"https:\/\/zamanturkmenistan.com.tm\/index.php?rest_route=\/wp\/v2\/posts\/59311"}],"collection":[{"href":"https:\/\/zamanturkmenistan.com.tm\/index.php?rest_route=\/wp\/v2\/posts"}],"about":[{"href":"https:\/\/zamanturkmenistan.com.tm\/index.php?rest_route=\/wp\/v2\/types\/post"}],"author":[{"embeddable":true,"href":"https:\/\/zamanturkmenistan.com.tm\/index.php?rest_route=\/wp\/v2\/users\/2"}],"replies":[{"embeddable":true,"href":"https:\/\/zamanturkmenistan.com.tm\/index.php?rest_route=%2Fwp%2Fv2%2Fcomments&post=59311"}],"version-history":[{"count":0,"href":"https:\/\/zamanturkmenistan.com.tm\/index.php?rest_route=\/wp\/v2\/posts\/59311\/revisions"}],"wp:featuredmedia":[{"embeddable":true,"href":"https:\/\/zamanturkmenistan.com.tm\/index.php?rest_route=\/wp\/v2\/media\/44717"}],"wp:attachment":[{"href":"https:\/\/zamanturkmenistan.com.tm\/index.php?rest_route=%2Fwp%2Fv2%2Fmedia&parent=59311"}],"wp:term":[{"taxonomy":"category","embeddable":true,"href":"https:\/\/zamanturkmenistan.com.tm\/index.php?rest_route=%2Fwp%2Fv2%2Fcategories&post=59311"},{"taxonomy":"post_tag","embeddable":true,"href":"https:\/\/zamanturkmenistan.com.tm\/index.php?rest_route=%2Fwp%2Fv2%2Ftags&post=59311"}],"curies":[{"name":"wp","href":"https:\/\/api.w.org\/{rel}","templated":true}]}}