{"id":59318,"date":"2022-04-26T10:14:23","date_gmt":"2022-04-26T05:14:23","guid":{"rendered":"https:\/\/zamanturkmenistan.com.tm\/?p=59318"},"modified":"2022-04-26T10:14:23","modified_gmt":"2022-04-26T05:14:23","slug":"turkmenistanyn-prezidenti-fransiya-respublikasynyn-prezidentini-gutlady","status":"publish","type":"post","link":"https:\/\/zamanturkmenistan.com.tm\/?p=59318","title":{"rendered":"T\u00fcrkmenistany\u0148 Prezidenti Fransi\u00fda Respublikasyny\u0148 Prezidentini gutlady"},"content":{"rendered":"<p>T\u00fcrkmenistany\u0148 Prezidenti Serdar Berdimuhamedow jenap Emmanuel Makrona Fransi\u00fda Respublikasyny\u0148 Prezidenti wezipesine ga\u00fdtadan sa\u00fdlanmagy mynasybetli \u00fd\u00fcrekden gutlaglaryny we i\u0148 gowy arzuwlaryny iberdi.<\/p>\n<p>\u201cBiz T\u00fcrkmenistan bilen Fransi\u00fda Respublikasyny\u0148 arasyndaky dostlukly gatna\u015fyklara \u00fdokary baha ber\u00fd\u00e4ris we olary\u0148 geljekde iki \u00fdurdu\u0148 halklaryny\u0148 b\u00e4hbidine mundan be\u00fdl\u00e4k-de \u00f6sd\u00fcriljekdigine ynan\u00fdarys\u201d di\u00fdip, hormatly Prezidentimiz Serdar Berdimuhamedow \u00f6z hatynda belledi.<\/p>\n<p>\u015eu m\u00fcmkin\u00e7ilikden pe\u00fddalanyp, d\u00f6wlet Ba\u015ftutanymyz Prezident Emmanuel Makrona t\u00fc\u00fds \u00fd\u00fcrekden berk jan saglyk, bagty\u00fdarlyk, t\u00e4ze ba\u015flangy\u00e7larynda \u00fcst\u00fcnlik arzuw etdi.<\/p>\n","protected":false},"excerpt":{"rendered":"<p>T\u00fcrkmenistany\u0148 Prezidenti Serdar Berdimuhamedow jenap Emmanuel Makrona Fransi\u00fda Respublikasyny\u0148 Prezidenti wezipesine ga\u00fdtadan sa\u00fdlanmagy mynasybetli \u00fd\u00fcrekden gutlaglaryny we i\u0148 gowy arzuwlaryny iberdi. \u201cBiz T\u00fcrkmenistan bilen Fransi\u00fda Respublikasyny\u0148 arasyndaky dostlukly gatna\u015fyklara \u00fdokary baha ber\u00fd\u00e4ris we olary\u0148 geljekde iki \u00fdurdu\u0148 halklaryny\u0148 b\u00e4hbidine mundan be\u00fdl\u00e4k-de \u00f6sd\u00fcriljekdigine ynan\u00fdarys\u201d di\u00fdip, hormatly Prezidentimiz Serdar Berdimuhamedow \u00f6z hatynda belledi. \u015eu m\u00fcmkin\u00e7ilikden pe\u00fddalanyp, d\u00f6wlet [&hellip;]<\/p>\n","protected":false},"author":2,"featured_media":59319,"comment_status":"open","ping_status":"closed","sticky":false,"template":"","format":"standard","meta":{"footnotes":""},"categories":[3],"tags":[],"acf":[],"_links":{"self":[{"href":"https:\/\/zamanturkmenistan.com.tm\/index.php?rest_route=\/wp\/v2\/posts\/59318"}],"collection":[{"href":"https:\/\/zamanturkmenistan.com.tm\/index.php?rest_route=\/wp\/v2\/posts"}],"about":[{"href":"https:\/\/zamanturkmenistan.com.tm\/index.php?rest_route=\/wp\/v2\/types\/post"}],"author":[{"embeddable":true,"href":"https:\/\/zamanturkmenistan.com.tm\/index.php?rest_route=\/wp\/v2\/users\/2"}],"replies":[{"embeddable":true,"href":"https:\/\/zamanturkmenistan.com.tm\/index.php?rest_route=%2Fwp%2Fv2%2Fcomments&post=59318"}],"version-history":[{"count":0,"href":"https:\/\/zamanturkmenistan.com.tm\/index.php?rest_route=\/wp\/v2\/posts\/59318\/revisions"}],"wp:featuredmedia":[{"embeddable":true,"href":"https:\/\/zamanturkmenistan.com.tm\/index.php?rest_route=\/wp\/v2\/media\/59319"}],"wp:attachment":[{"href":"https:\/\/zamanturkmenistan.com.tm\/index.php?rest_route=%2Fwp%2Fv2%2Fmedia&parent=59318"}],"wp:term":[{"taxonomy":"category","embeddable":true,"href":"https:\/\/zamanturkmenistan.com.tm\/index.php?rest_route=%2Fwp%2Fv2%2Fcategories&post=59318"},{"taxonomy":"post_tag","embeddable":true,"href":"https:\/\/zamanturkmenistan.com.tm\/index.php?rest_route=%2Fwp%2Fv2%2Ftags&post=59318"}],"curies":[{"name":"wp","href":"https:\/\/api.w.org\/{rel}","templated":true}]}}