{"id":59321,"date":"2022-04-26T10:25:48","date_gmt":"2022-04-26T05:25:48","guid":{"rendered":"https:\/\/zamanturkmenistan.com.tm\/?p=59321"},"modified":"2022-04-26T10:25:48","modified_gmt":"2022-04-26T05:25:48","slug":"asgabat-saherine-saherlerdaki-baglar-atly-halkara-guwanamanyn-gelip-gowusmagy-mynasybetli-dabaraly-maslahat-gecirildi","status":"publish","type":"post","link":"https:\/\/zamanturkmenistan.com.tm\/?p=59321","title":{"rendered":"A\u015fgabat \u015f\u00e4herine \u00ab\u015e\u00e4herlerd\u00e4ki baglar\u00bb atly halkara G\u00fcw\u00e4namany\u0148 gelip gowu\u015fmagy mynasybetli dabaraly maslahat ge\u00e7irildi"},"content":{"rendered":"<p>25-nji aprelde T\u00fcrkmenistany\u0148 DIM-ni\u0148 Halkara gatna\u015fyklary institutynda Birle\u015fen Milletler Guramasyny\u0148 \u00ddewropa ykdysady komissi\u00fdasyny\u0148 \u00ab\u015e\u00e4herlerd\u00e4ki baglar\u00bb atly ba\u015flangyjyna bag ekmek \u00e7\u00e4releri arkaly goldawy we o\u0148a go\u015fan go\u015fandy \u00fc\u00e7in A\u015fgabat \u015f\u00e4herine halkara G\u00fcw\u00e4namany\u0148 gelip gowu\u015fmagy mynasybetli dabaraly maslahat ge\u00e7irildi.<\/p>\n<p>Maslahaty\u0148 i\u015fine halkara guramalary\u0148 T\u00fcrkmenistanda i\u015fle\u00fd\u00e4n wekilleri, \u00fdurdumyzy\u0148 \u00fdokary okuw mekdeplerini\u0148 mugallymlary we talyplary hem-de milli habar beri\u015f seri\u015fdelerini\u0148 wekilleri gatna\u015fdylar.<\/p>\n<p>\u00c7\u00e4r\u00e4ni\u0148 dowamynda Birle\u015fen Milletler Guramasyny\u0148 \u00d6s\u00fc\u015f maksatnamasyny\u0148 T\u00fcrkmenistandaky hemi\u015felik wekili Narine Saak\u00fdan, B\u00fctind\u00fcn\u00fd\u00e4 Saglygy gora\u00fdy\u015f guramasyny\u0148 T\u00fcrkmenistandaky wekili \u00ddegor Za\u00fdsew, T\u00fcrkmenistany\u0148 DIM-ni\u0148 Halkara gatna\u015fyklary institutyny\u0148 rektory Jumamyrat Gurbangeldi\u00fdew, Halkara ynsanperwer ylymlary we \u00f6s\u00fc\u015f uniwersitetini\u0148 prorektory Nurmuhammet \u015eihly\u00fdew, \u015fe\u00fdle hem \u00fdurdumyzy\u0148 \u00fdokary okuw mekdeplerini\u0148 mugallymlary we talyplary \u00e7yky\u015f etdiler.<\/p>\n<p>\u00c7yky\u015f edenler T\u00fcrkmenistan bilen BMG-ni\u0148 \u00dder \u00fd\u00fcz\u00fcnde durnukly \u00f6s\u00fc\u015fi gazanmaga g\u00f6n\u00fckdirilen k\u00f6p\u00fdyllyk hyzmatda\u015flygyny\u0148 netijeliligini bellediler. Bu ugurda da\u015fky gur\u015fawy goramak we ekologi\u00fda howpsuzlygyny \u00fcpj\u00fcn etmek bo\u00fdun\u00e7a bilelikd\u00e4ki maksatnamalary\u0148 we taslamalary\u0148 \u00fderine \u00fdetirilmegini\u0148 a\u00fdratyn orny barada nygtaldy.<\/p>\n<p>Bellenili\u015fi \u00fdaly, T\u00fcrkmenistan da\u015fky gur\u015fawy goramak bo\u00fdun\u00e7a \u00e7\u00e4relere, tebigata a\u00fdawly garamaga hem-de biod\u00fcrl\u00fcligi \u00fcpj\u00fcn etm\u00e4ge a\u00fdratyn \u00fcns ber\u00fd\u00e4r. \u015eunu\u0148 bilen baglylykda, \u015fu \u00fdyly\u0148 martynda T\u00fcrkmenistany\u0148 Prezidentini\u0148 gatna\u015fmagynda ge\u00e7irilen \u00e4hlihalk bag ekmek dabarasyny\u0148 \u00fdurdumyzy\u0148 ekologi\u00fda ulgamynda \u00f6z \u00fcst\u00fcne alan bor\u00e7namalaryny \u00fderine \u00fdetirm\u00e4ge ygrarlydygyny\u0148 a\u00fddy\u0148 subutnamasy bolandygy bellenildi.<\/p>\n<p>\u015ee\u00fdle hem \u00fdurdumyzda bu ugurda Milli toka\u00fd maksatnamasyny\u0148 durmu\u015fa ge\u00e7irilmegini\u0148 \u00e4hmi\u00fdeti we onu\u0148 \u00e7\u00e4klerinde \u015f\u00e4herlerde we obalarda \u00fda\u015fyl zolaklaryny\u0148 gi\u0148eldilmegi ugrunda bag ekmek \u00e7\u00e4relerini\u0148 yzygiderli ge\u00e7iril\u00fd\u00e4ndigi barada nygtaldy.<\/p>\n<p>BMG-ni\u0148 Ba\u015f Sekretaryny\u0148 Orunbasary, BMG-ni\u0148 \u00ddewropa ykdysady komissi\u00fdasyny\u0148 \u00dderine \u00fdetiriji sekretaryndan gelip gow\u015fan bu G\u00fcw\u00e4nama T\u00fcrkmenistany\u0148 Prezidentini\u0148 we halkymyzy\u0148 da\u015fky gur\u015fawy goramak ugrunda ed\u00fd\u00e4n tagallalaryna \u00fdokary baha beril\u00fd\u00e4ndigini\u0148 subutnamasydyr.<\/p>\n","protected":false},"excerpt":{"rendered":"<p>25-nji aprelde T\u00fcrkmenistany\u0148 DIM-ni\u0148 Halkara gatna\u015fyklary institutynda Birle\u015fen Milletler Guramasyny\u0148 \u00ddewropa ykdysady komissi\u00fdasyny\u0148 \u00ab\u015e\u00e4herlerd\u00e4ki baglar\u00bb atly ba\u015flangyjyna bag ekmek \u00e7\u00e4releri arkaly goldawy we o\u0148a go\u015fan go\u015fandy \u00fc\u00e7in A\u015fgabat \u015f\u00e4herine halkara G\u00fcw\u00e4namany\u0148 gelip gowu\u015fmagy mynasybetli dabaraly maslahat ge\u00e7irildi. Maslahaty\u0148 i\u015fine halkara guramalary\u0148 T\u00fcrkmenistanda i\u015fle\u00fd\u00e4n wekilleri, \u00fdurdumyzy\u0148 \u00fdokary okuw mekdeplerini\u0148 mugallymlary we talyplary hem-de milli habar beri\u015f [&hellip;]<\/p>\n","protected":false},"author":2,"featured_media":59322,"comment_status":"open","ping_status":"closed","sticky":false,"template":"","format":"standard","meta":{"footnotes":""},"categories":[3],"tags":[],"acf":[],"_links":{"self":[{"href":"https:\/\/zamanturkmenistan.com.tm\/index.php?rest_route=\/wp\/v2\/posts\/59321"}],"collection":[{"href":"https:\/\/zamanturkmenistan.com.tm\/index.php?rest_route=\/wp\/v2\/posts"}],"about":[{"href":"https:\/\/zamanturkmenistan.com.tm\/index.php?rest_route=\/wp\/v2\/types\/post"}],"author":[{"embeddable":true,"href":"https:\/\/zamanturkmenistan.com.tm\/index.php?rest_route=\/wp\/v2\/users\/2"}],"replies":[{"embeddable":true,"href":"https:\/\/zamanturkmenistan.com.tm\/index.php?rest_route=%2Fwp%2Fv2%2Fcomments&post=59321"}],"version-history":[{"count":0,"href":"https:\/\/zamanturkmenistan.com.tm\/index.php?rest_route=\/wp\/v2\/posts\/59321\/revisions"}],"wp:featuredmedia":[{"embeddable":true,"href":"https:\/\/zamanturkmenistan.com.tm\/index.php?rest_route=\/wp\/v2\/media\/59322"}],"wp:attachment":[{"href":"https:\/\/zamanturkmenistan.com.tm\/index.php?rest_route=%2Fwp%2Fv2%2Fmedia&parent=59321"}],"wp:term":[{"taxonomy":"category","embeddable":true,"href":"https:\/\/zamanturkmenistan.com.tm\/index.php?rest_route=%2Fwp%2Fv2%2Fcategories&post=59321"},{"taxonomy":"post_tag","embeddable":true,"href":"https:\/\/zamanturkmenistan.com.tm\/index.php?rest_route=%2Fwp%2Fv2%2Ftags&post=59321"}],"curies":[{"name":"wp","href":"https:\/\/api.w.org\/{rel}","templated":true}]}}