{"id":59324,"date":"2022-04-26T10:28:29","date_gmt":"2022-04-26T05:28:29","guid":{"rendered":"https:\/\/zamanturkmenistan.com.tm\/?p=59324"},"modified":"2022-04-26T10:28:29","modified_gmt":"2022-04-26T05:28:29","slug":"gazagystanyn-ilcisinin-turkmenistanyn-dasary-isler-ministri-bilen-dususygy-gecirildi","status":"publish","type":"post","link":"https:\/\/zamanturkmenistan.com.tm\/?p=59324","title":{"rendered":"Gazagystany\u0148 il\u00e7isini\u0148 T\u00fcrkmenistany\u0148 Da\u015fary i\u015fler ministri bilen du\u015fu\u015fygy ge\u00e7irildi"},"content":{"rendered":"<p>25-nji aprelde T\u00fcrkmenistany\u0148 Da\u015fary i\u015fler ministri Ra\u015fid Meredowy\u0148 Gazagystan Respublikasyny\u0148 T\u00fcrkmenistana t\u00e4ze belLenen Il\u00e7isi Askar Ta\u017eiba\u00fdew bilen du\u015fu\u015fygy ge\u00e7irildi.<\/p>\n<p>S\u00f6hbetde\u015fligi\u0148 bar\u015fynda R.Meredow Gazagystany\u0148 Il\u00e7isini jogapk\u00e4rli wezip\u00e4 bellenmegi bilen gutlady hem-de o\u0148a diplomatik wezipesinde \u00fcst\u00fcnlikleri\u0148 hemra bolmagyny arzuw etdi. \u015eonu\u0148 \u00fdaly-da, iki \u00fdurdu\u0148 arasyndaky \u00f6zara hereketleri pugtalandyrmagy\u0148 meseleleri, \u015fe\u00fdle-de ikitarapla\u00fdyn sy\u00fdasy, s\u00f6wda-ykdysady we medeni-ynsanperwer hyzmatda\u015flygyny hemmetarapla\u00fdyn gi\u0148eltmegi\u0148 m\u00fcmkin\u00e7ilikleri ara alnyp maslahatla\u015fyldy.<\/p>\n<p>Diplomatlar Gazagystan Respublikasyny\u0148 Prezidenti Kasym-\u017domart Toka\u00fdewi\u0148 2021-nji \u00fdyly\u0148 okt\u00fdabrynda T\u00fcrkmenistana bolan d\u00f6wlet saparyny\u0148 bar\u015fynda gazanylan d\u00f6wletara ylala\u015fyklaryny\u0148 durmu\u015fa ge\u00e7irilmegi bilen bagly bolan meseleleri\u0148 gi\u0148 toplumyny ara alyp maslahatla\u015fdylar.<\/p>\n<p>Taraplar \u015fe\u00fdle-de \u015fu \u00fdyl T\u00fcrkmenistanda VI Hazar Sammitini\u0148 ge\u00e7irilmegi bilen bagly meselelere hem seredip ge\u00e7diler.<\/p>\n<p>Abra\u00fdly sebit hem-de halkara d\u00fcz\u00fcmlerini\u0148 \u00e7\u00e4klerind\u00e4ki hyzmatda\u015flygy\u0148 o\u0148yn tejribesi, \u015fonu\u0148 \u00fdaly-da halkara \u00e4hmi\u00fdetli ba\u015flangy\u00e7lary\u0148 we teklipleri\u0148 \u00f6zara goldanylmagyny\u0148 derwa\u00fdyslygy nygtaldy. \u015eu nukda\u00fdnazardan, taraplar ikitarapla\u00fdyn saparlar g\u00f6rn\u00fc\u015finde, \u015fe\u00fdle-de k\u00f6ptarapla\u00fdyn d\u00fcz\u00fcmleri\u0148 formatynda \u00fdokary derejed\u00e4ki du\u015fu\u015fyklary\u0148 guralmagyny\u0148 zerurlygyny be\u00fdan etdiler.<\/p>\n<p>Du\u015fu\u015fygy\u0148 \u00e7\u00e4klerinde, Il\u00e7i Askar Ta\u017eiba\u00fdew T\u00fcrkmenistany\u0148 Da\u015fary i\u015fler ministrine ynan\u00e7 hatlaryny\u0148 nusgasyny gow\u015furdy hem-de \u00f6z\u00fcni\u0148 T\u00fcrkmenistandaky diplomatik wezipesini amala a\u015fyr\u00fdan d\u00f6wr\u00fcnde t\u00fcrkmen-gazagystan gatna\u015fyklaryny\u0148 has hem gi\u0148eldilmegi we pugtalandyrylmagy ugrunda tagallalaryny ga\u00fdgyrmajakdygyny nygtady.<\/p>\n","protected":false},"excerpt":{"rendered":"<p>25-nji aprelde T\u00fcrkmenistany\u0148 Da\u015fary i\u015fler ministri Ra\u015fid Meredowy\u0148 Gazagystan Respublikasyny\u0148 T\u00fcrkmenistana t\u00e4ze belLenen Il\u00e7isi Askar Ta\u017eiba\u00fdew bilen du\u015fu\u015fygy ge\u00e7irildi. S\u00f6hbetde\u015fligi\u0148 bar\u015fynda R.Meredow Gazagystany\u0148 Il\u00e7isini jogapk\u00e4rli wezip\u00e4 bellenmegi bilen gutlady hem-de o\u0148a diplomatik wezipesinde \u00fcst\u00fcnlikleri\u0148 hemra bolmagyny arzuw etdi. \u015eonu\u0148 \u00fdaly-da, iki \u00fdurdu\u0148 arasyndaky \u00f6zara hereketleri pugtalandyrmagy\u0148 meseleleri, \u015fe\u00fdle-de ikitarapla\u00fdyn sy\u00fdasy, s\u00f6wda-ykdysady we medeni-ynsanperwer hyzmatda\u015flygyny hemmetarapla\u00fdyn [&hellip;]<\/p>\n","protected":false},"author":2,"featured_media":59325,"comment_status":"open","ping_status":"closed","sticky":false,"template":"","format":"standard","meta":{"footnotes":""},"categories":[3],"tags":[],"acf":[],"_links":{"self":[{"href":"https:\/\/zamanturkmenistan.com.tm\/index.php?rest_route=\/wp\/v2\/posts\/59324"}],"collection":[{"href":"https:\/\/zamanturkmenistan.com.tm\/index.php?rest_route=\/wp\/v2\/posts"}],"about":[{"href":"https:\/\/zamanturkmenistan.com.tm\/index.php?rest_route=\/wp\/v2\/types\/post"}],"author":[{"embeddable":true,"href":"https:\/\/zamanturkmenistan.com.tm\/index.php?rest_route=\/wp\/v2\/users\/2"}],"replies":[{"embeddable":true,"href":"https:\/\/zamanturkmenistan.com.tm\/index.php?rest_route=%2Fwp%2Fv2%2Fcomments&post=59324"}],"version-history":[{"count":0,"href":"https:\/\/zamanturkmenistan.com.tm\/index.php?rest_route=\/wp\/v2\/posts\/59324\/revisions"}],"wp:featuredmedia":[{"embeddable":true,"href":"https:\/\/zamanturkmenistan.com.tm\/index.php?rest_route=\/wp\/v2\/media\/59325"}],"wp:attachment":[{"href":"https:\/\/zamanturkmenistan.com.tm\/index.php?rest_route=%2Fwp%2Fv2%2Fmedia&parent=59324"}],"wp:term":[{"taxonomy":"category","embeddable":true,"href":"https:\/\/zamanturkmenistan.com.tm\/index.php?rest_route=%2Fwp%2Fv2%2Fcategories&post=59324"},{"taxonomy":"post_tag","embeddable":true,"href":"https:\/\/zamanturkmenistan.com.tm\/index.php?rest_route=%2Fwp%2Fv2%2Ftags&post=59324"}],"curies":[{"name":"wp","href":"https:\/\/api.w.org\/{rel}","templated":true}]}}