{"id":59853,"date":"2022-06-17T10:42:42","date_gmt":"2022-06-17T05:42:42","guid":{"rendered":"https:\/\/zamanturkmenistan.com.tm\/?p=59853"},"modified":"2022-06-17T16:22:46","modified_gmt":"2022-06-17T11:22:46","slug":"markese-yollanan-150-hat-tapyldy","status":"publish","type":"post","link":"https:\/\/zamanturkmenistan.com.tm\/?p=59853","title":{"rendered":"Markese \u00fdollanan 150 hat tapyldy"},"content":{"rendered":"\n<p>Mehiko \u015f\u00e4herinde Gabriel Garsi\u00fda Markesi\u0148 agtyklaryndan biri \u00fdazyja \u00fdollanan 150 sany haty\u0148 \u00fcst\u00fcnden bardy. Bu hatlar \u00fdazyjyny\u0148 \u00f6\u00fd\u00fcnde k\u00f6p\u00e7\u00fclige h\u00f6d\u00fcrlendi. Bu sergi Markese Nobeli\u0148 edebi\u00fdat bo\u00fdun\u00e7a&nbsp; ba\u00fdragyny\u0148 gow\u015furylmagyny\u0148 40 \u00fdyllygyna bagy\u015flan\u00fdar.<\/p>\n\n\n\n<p>Serg\u00e4 go\u00fdlan hatlary\u0148 arasynda Gabriel Garsi\u00fda Markesi\u0148 Kubany\u0148 lideri Fidel Kastro bilen \u00fdazy\u015fan hatlary, \u00c7ili \u015fahyry Pablo Nerudany\u0148 Markese doglan g\u00fcni mynasybetli gutlap \u00fdazan haty we AB\u015e-ny\u0148 \u00f6\u0148ki Prezidenti Bill Klintony\u0148 \u00fd\u00fczlenmesi bar.&nbsp;<\/p>\n\n\n\n<p>Me\u015fhur \u00fdazyjyny\u0148 agtygy Emili\u00fda Garsi\u00fda Elizondony\u0148 a\u00fddy\u015fy \u00fdaly, hatlar sergi \u00fc\u00e7in Markesi\u0148 suratlaryny g\u00f6zle\u00fd\u00e4n mahaly \u00fcst\u00fcnden barypdyr.<\/p>\n\n\n\n<p>D\u00fcn\u00fd\u00e4 edebi\u00fdatyny\u0148 g\u00f6rn\u00fckli \u00fdazyjysy<\/p>\n\n\n\n<p>Onu\u0148 \u201c\u00ddal\u0148yzlygy\u0148 \u00fd\u00fcz \u00fdyly\u201d, \u201cPolkownige hat \u00fdaz\u00fdan \u00fdok\u201d, \u201cMergi d\u00f6wr\u00fcnd\u00e4ki s\u00f6\u00fdgi\u201d we be\u00fdleki eserleri i\u0148 me\u015fhur kolumb \u00fdazyjysy h\u00f6km\u00fcnde adyny d\u00fcn\u00fd\u00e4 \u00fda\u00fd\u00fdar hem-de b\u00fctin adamzady\u0148 h\u00f6kman okamaly kitaplary h\u00f6km\u00fcnde ykrar etdir\u00fd\u00e4r. \u00ddazyjy, \u017eurnalist, sy\u00fdasy i\u015fg\u00e4r, abra\u00fdly edebi\u00fdat ba\u00fdraklaryny\u0148 e\u00fdesi Gabriel Garsia Markes 1927-nji \u00fdyly\u0148 6-njy martynda Kolumbi\u00fdany\u0148 Arakataka \u015f\u00e4herinde d\u00fcn\u00fd\u00e4 in\u00fd\u00e4r.<\/p>\n\n\n\n<p>Markes \u00e7agalyk \u00fdyllaryndan d\u00f6redijilik bilen gyzyklanyp ugra\u00fdar. Ol k\u00f6p sanly rowa\u00fdatlary bilipdir, dili\u0148 t\u00e4sin a\u00fdratynlyklary bilen gyzyklan\u00fdar. \u00c7agalyk \u00fdyllaryny mamasyny\u0148 we babasyny\u0148 \u00fdanynda ge\u00e7irip, bu onu\u0148 \u00fdazyjy h\u00f6km\u00fcnde \u00f6\u0148e \u00e7ykmagynda a\u00fdratyn \u00e4hmi\u00fdet e\u00fde bolupdyr. \u015ee\u00fdle hem onu\u0148 d\u00f6redijiligine Hemingue\u00fdi\u0148, Kafkany\u0148 we Folkneri\u0148 kitaplary \u00e7ynlaka\u00fd t\u00e4sirini \u00fdetir\u00fd\u00e4r.<\/p>\n\n\n\n<p>Markesi\u0148 talyplyk \u00fdyllary Bogotyny\u0148 Milli uniwersitetinde ge\u00e7ip, ol bu \u00fderde hukuk b\u00f6l\u00fcminde oka\u00fdar, \u00fd\u00f6ne ol \u00f6z\u00fcni \u017eurnalistika bagy\u015flamak maksady bilen okuwyny dowam etdirme\u00fd\u00e4r. Ol \u00ddewropany\u0148 k\u00f6p \u00fdurtlaryna uzak wagtlap sy\u00fdahat ed\u00fd\u00e4r, so\u0148ra Wenesuela, ondan so\u0148ra hem Meksika gid\u00fd\u00e4r.<\/p>\n\n\n\n<p>\u00ddazyjyny\u0148 ilkinji powesti \u201cPolkownige hat \u00fdaz\u00fdan \u00fdok\u201d ady bilen 1961-nji \u00fdylda \u00e7yk\u00fdar. Markesi\u0148 be\u00fdleki eserlerinde hem bol\u015fy \u00fdaly munda hem \u00fdal\u0148yzlyk meselesi orta atyl\u00fdar. \u015ee\u00fdle hem powestde adamy\u0148 agyr \u00fdagda\u00fdlara gar\u015fy dur\u015fy hem-de adalaty\u0148 dabaralanmagy \u00fdaly mowzuklar \u00f6r bo\u00fduna gal\u00fdar. So\u0148ra ol heka\u00fdalar \u00fdygyndysyny, birn\u00e4\u00e7e romanlaryny ne\u015fir etdir\u00fd\u00e4r hem-de \u00f6z\u00fcni\u0148 i\u0148 esasy romanlaryny\u0148 biri \u201c\u00ddal\u0148yzlygy\u0148 \u00fd\u00fcz \u00fdylyny\u0148\u201d \u00fcst\u00fcnd\u00e4ki i\u015fine giri\u015f\u00fd\u00e4r.<\/p>\n\n\n\n<p>18 a\u00fdy\u0148 dowamynda d\u00f6redilen kitap, Markesi\u0148 z\u00e4hmetini\u0148 netijesi bolup, d\u00fcn\u00fd\u00e4ni\u0148 35 diline terjime edil\u00fd\u00e4r we \u00fdazyjyny\u0148 adyny d\u00fcn\u00fd\u00e4de ykrar etdir\u00fd\u00e4r. Kitapda toslama bilen hakykat biri-birini\u0148 i\u00e7inden eri\u015f-arga\u00e7 bolup ge\u00e7\u00fd\u00e4r, \u015fo\u0148a g\u00f6r\u00e4-de tankyt\u00e7ylary\u0148 we edebi\u00fdaty \u00f6wrenijileri\u0148 arasynda bu ugur jadyly realizm h\u00f6km\u00fcnde h\u00e4si\u00fdetlendiril\u00fd\u00e4r. \u015ee\u00fdle t\u00e4r di\u0148e bir Markesi\u0148 d\u00f6redijiliginde d\u00e4l, e\u00fdsem, be\u00fdleki latyn amerikan awtorlaryny\u0148 d\u00f6redijiliginede mahsusdyr. \u201c\u00ddal\u0148yzlygy\u0148 \u00fd\u00fcz \u00fdyly\u201d okyjylar hem-de tankyt\u00e7ylar tarapyndan h\u00e4zirki zaman edebi\u00fdatyny\u0148 nusgawy eseri h\u00f6km\u00fcnde biragyzdan ykrar edilip, latyn amerikan edebi\u00fdatynda t\u00e4ze\u00e7e \u00e7emele\u015fm\u00e4ni\u0148 ba\u015flangyjy h\u00f6km\u00fcnde hemmeleri\u0148 g\u00f6wn\u00fcnden tur\u00fdar.<\/p>\n\n\n\n<p>Markes \u201cPatriarhy\u0148 g\u00fc\u00fdzi\u201d, \u201cYglan edilen \u00f6l\u00fcmi\u0148 hronikasy\u201d \u00fdaly okyjylar k\u00f6p\u00e7\u00fcligi tarapyndan goldaw tapan eserleri\u0148 hem awtorydyr. \u00ddazyjy 1982-nji \u00fdylda Nobeli\u0148 edebi\u00fdat bo\u00fdun\u00e7a ba\u00fdragy bilen sylaglan\u00fdar. Onu\u0148 eserleri b\u00fctin d\u00fcn\u00fd\u00e4de ne\u015fir edilmegini dowam etdir\u00fd\u00e4r, onu\u0148 k\u00f6p sanly eserleri bolsa, ekranla\u015fdyryldy. D\u00fcn\u00fd\u00e4 edebi\u00fdatyny\u0148 nusgawy \u00fdazyjysy 2014-nji \u00fdyly\u0148 17-nji aprelinde aradan \u00e7ykdy.<\/p>\n","protected":false},"excerpt":{"rendered":"<p>Mehiko \u015f\u00e4herinde Gabriel Garsi\u00fda Markesi\u0148 agtyklaryndan biri \u00fdazyja \u00fdollanan 150 sany haty\u0148 \u00fcst\u00fcnden bardy. Bu hatlar \u00fdazyjyny\u0148 \u00f6\u00fd\u00fcnde k\u00f6p\u00e7\u00fclige h\u00f6d\u00fcrlendi. Bu sergi Markese Nobeli\u0148 edebi\u00fdat bo\u00fdun\u00e7a&nbsp; ba\u00fdragyny\u0148 gow\u015furylmagyny\u0148 40 \u00fdyllygyna bagy\u015flan\u00fdar. Serg\u00e4 go\u00fdlan hatlary\u0148 arasynda Gabriel Garsi\u00fda Markesi\u0148 Kubany\u0148 lideri Fidel Kastro bilen \u00fdazy\u015fan hatlary, \u00c7ili \u015fahyry Pablo Nerudany\u0148 Markese doglan g\u00fcni mynasybetli gutlap \u00fdazan [&hellip;]<\/p>\n","protected":false},"author":2,"featured_media":59856,"comment_status":"open","ping_status":"closed","sticky":false,"template":"","format":"standard","meta":{"footnotes":""},"categories":[5],"tags":[],"acf":[],"_links":{"self":[{"href":"https:\/\/zamanturkmenistan.com.tm\/index.php?rest_route=\/wp\/v2\/posts\/59853"}],"collection":[{"href":"https:\/\/zamanturkmenistan.com.tm\/index.php?rest_route=\/wp\/v2\/posts"}],"about":[{"href":"https:\/\/zamanturkmenistan.com.tm\/index.php?rest_route=\/wp\/v2\/types\/post"}],"author":[{"embeddable":true,"href":"https:\/\/zamanturkmenistan.com.tm\/index.php?rest_route=\/wp\/v2\/users\/2"}],"replies":[{"embeddable":true,"href":"https:\/\/zamanturkmenistan.com.tm\/index.php?rest_route=%2Fwp%2Fv2%2Fcomments&post=59853"}],"version-history":[{"count":2,"href":"https:\/\/zamanturkmenistan.com.tm\/index.php?rest_route=\/wp\/v2\/posts\/59853\/revisions"}],"predecessor-version":[{"id":59951,"href":"https:\/\/zamanturkmenistan.com.tm\/index.php?rest_route=\/wp\/v2\/posts\/59853\/revisions\/59951"}],"wp:featuredmedia":[{"embeddable":true,"href":"https:\/\/zamanturkmenistan.com.tm\/index.php?rest_route=\/wp\/v2\/media\/59856"}],"wp:attachment":[{"href":"https:\/\/zamanturkmenistan.com.tm\/index.php?rest_route=%2Fwp%2Fv2%2Fmedia&parent=59853"}],"wp:term":[{"taxonomy":"category","embeddable":true,"href":"https:\/\/zamanturkmenistan.com.tm\/index.php?rest_route=%2Fwp%2Fv2%2Fcategories&post=59853"},{"taxonomy":"post_tag","embeddable":true,"href":"https:\/\/zamanturkmenistan.com.tm\/index.php?rest_route=%2Fwp%2Fv2%2Ftags&post=59853"}],"curies":[{"name":"wp","href":"https:\/\/api.w.org\/{rel}","templated":true}]}}