{"id":60174,"date":"2022-06-22T20:33:43","date_gmt":"2022-06-22T15:33:43","guid":{"rendered":"https:\/\/zamanturkmenistan.com.tm\/?p=60174"},"modified":"2022-06-22T20:33:44","modified_gmt":"2022-06-22T15:33:44","slug":"tebigatyn-owadan-kunjegi-kolorado-kol-aylagy","status":"publish","type":"post","link":"https:\/\/zamanturkmenistan.com.tm\/?p=60174","title":{"rendered":"Tebigaty\u0148 owadan k\u00fcnjegi \u2013 Kolorado k\u00f6l a\u00fdlagy"},"content":{"rendered":"\n<p>D\u00fcn\u00fd\u00e4ni\u0148 t\u00e4sin k\u00fcnjeklerini\u0148 biri-de Boliwi\u00fdany\u0148 Eduardo-Awaroa milli goraghanasynda \u00fderle\u015f\u00fd\u00e4n Kolorado k\u00f6l a\u00fdlagydyr. Arassa mawy asmany\u0148 astynda g\u00f6z\u00fc\u0148i gama\u015fdyr\u00fdan g\u00f6zelliklere ba\u00fd bolan bu k\u00f6l edil ertekilerd\u00e4ki \u00fdaly jadyly t\u00e4sinliklerden ybaratdyr. Kolorado k\u00f6li daglyk sebitde de\u0148iz derejesinden 4278 metr be\u00fdiklikde \u00fderle\u015fip, onu\u0148 tut\u00fdan me\u00fddany 60 ined\u00f6rd\u00fcl kilometr t\u00f6weregidir. Bu k\u00f6l\u00fc\u0148 i\u0148 \u00e7u\u0148 \u00fderi 1,5 metrden ge\u00e7me\u00fd\u00e4r.<\/p>\n\n\n\n<p>Kolorado k\u00f6l\u00fcni\u0148 suwy gyzyl, melew\u015fe, g\u00fclg\u00fcne, m\u00e4mi\u015fi we gyrmyzy re\u0148klerde \u00fc\u00fdtg\u00e4p dur\u00fdar. Suwu\u0148 \u015funu\u0148 \u00fdaly d\u00fcrli re\u0148kli bolmagy onu\u0148 d\u00fcz\u00fcmind\u00e4ki \u00e7\u00f6k\u00fcndi mineral jynslary\u0148, suwotulary\u0148 pasyllara g\u00f6r\u00e4 \u00fc\u00fdtgemegini\u0148 netijesinde bolup ge\u00e7\u00fd\u00e4r. Kolorado k\u00f6l a\u00fdlagy 1971-nji \u00fdylda \u00fdazgy edilen suw we batgalyk \u00fderler baradaky konwensi\u00fdany\u0148 d\u00fcz\u00fcmine girizilen halkara \u00e4hmi\u00fdetli tebigy \u00fder hasaplan\u00fdar.<\/p>\n\n\n\n<p>Kolorado k\u00f6l\u00fcni\u0148 t\u00f6wereginde du\u015f gel\u00fd\u00e4n Je\u00fdmsi\u0148 gyzylgazyny\u0148 uly topary k\u00f6l\u00fc\u0148 owadanlygyna owadanlyk go\u015f\u00fdar. Bu gu\u015fy k\u00f6p \u00fdyllary\u0148 dowamynda alymlar \u00fditip giden g\u00f6rn\u00fc\u015f hasaplapdyrlar, emma h\u00e4zirki wagtda bu k\u00f6l\u00fc\u0148 t\u00f6wereginde Je\u00fdmsi\u0148 gyzylgazyny\u0148 30 m\u00fc\u0148e \u00e7enlisini\u0148 \u00fdygnan\u00fdandygy hasaba alnypdyr. Mundan ba\u015fga-da bu sebit And we \u00c7ili gyzylgazlaryny\u0148 \u00fda\u015famagy \u00fc\u00e7in amatly \u00fderdir.<\/p>\n\n\n\n<p>K\u00f6l a\u00fdlagyny\u0148 i\u00e7inde ki\u00e7e\u0148r\u00e4k ak re\u0148kli \u201cadajyklar\u201d \u00f6zbolu\u015fly a\u00fdratynlyga e\u00fdedir. Bu adajyklar tetraborat natrini\u0148 dekagidratyny\u0148 \u00fdygnanmagy netijesinde emele gelipdir.<\/p>\n\n\n\n<p>Bu k\u00f6l\u00fc\u0148 \u201ckolorado\u201d adyny\u0148 gelip \u00e7yky\u015fy barada anyk maglumatlar berilme\u00fd\u00e4r. Bu at megerem i\u0148lis\u00e7e \u201ccolor\u201d &#8211; \u201cre\u0148k\u201d s\u00f6z\u00fcnden gelip \u00e7ykan bolsa gerek.<\/p>\n\n\n\n<p class=\"has-text-align-right\"><strong>Natali\u00fda BABA\u00ddEWA<\/strong><strong>,<\/strong><strong><em>T\u00fcrkmenistany\u0148 Oba hojalyk we da\u015fky gur\u015fawy goramak ministrligini\u0148 Repetek d\u00f6wlet biosfera goraghanasyny\u0148 ylym b\u00f6l\u00fcmini\u0148 kitaphana\u00e7ysy.<\/em><\/strong><\/p>\n","protected":false},"excerpt":{"rendered":"<p>D\u00fcn\u00fd\u00e4ni\u0148 t\u00e4sin k\u00fcnjeklerini\u0148 biri-de Boliwi\u00fdany\u0148 Eduardo-Awaroa milli goraghanasynda \u00fderle\u015f\u00fd\u00e4n Kolorado k\u00f6l a\u00fdlagydyr. Arassa mawy asmany\u0148 astynda g\u00f6z\u00fc\u0148i gama\u015fdyr\u00fdan g\u00f6zelliklere ba\u00fd bolan bu k\u00f6l edil ertekilerd\u00e4ki \u00fdaly jadyly t\u00e4sinliklerden ybaratdyr. Kolorado k\u00f6li daglyk sebitde de\u0148iz derejesinden 4278 metr be\u00fdiklikde \u00fderle\u015fip, onu\u0148 tut\u00fdan me\u00fddany 60 ined\u00f6rd\u00fcl kilometr t\u00f6weregidir. Bu k\u00f6l\u00fc\u0148 i\u0148 \u00e7u\u0148 \u00fderi 1,5 metrden ge\u00e7me\u00fd\u00e4r. Kolorado [&hellip;]<\/p>\n","protected":false},"author":2,"featured_media":60175,"comment_status":"open","ping_status":"closed","sticky":false,"template":"","format":"standard","meta":{"footnotes":""},"categories":[301],"tags":[],"acf":[],"_links":{"self":[{"href":"https:\/\/zamanturkmenistan.com.tm\/index.php?rest_route=\/wp\/v2\/posts\/60174"}],"collection":[{"href":"https:\/\/zamanturkmenistan.com.tm\/index.php?rest_route=\/wp\/v2\/posts"}],"about":[{"href":"https:\/\/zamanturkmenistan.com.tm\/index.php?rest_route=\/wp\/v2\/types\/post"}],"author":[{"embeddable":true,"href":"https:\/\/zamanturkmenistan.com.tm\/index.php?rest_route=\/wp\/v2\/users\/2"}],"replies":[{"embeddable":true,"href":"https:\/\/zamanturkmenistan.com.tm\/index.php?rest_route=%2Fwp%2Fv2%2Fcomments&post=60174"}],"version-history":[{"count":1,"href":"https:\/\/zamanturkmenistan.com.tm\/index.php?rest_route=\/wp\/v2\/posts\/60174\/revisions"}],"predecessor-version":[{"id":60176,"href":"https:\/\/zamanturkmenistan.com.tm\/index.php?rest_route=\/wp\/v2\/posts\/60174\/revisions\/60176"}],"wp:featuredmedia":[{"embeddable":true,"href":"https:\/\/zamanturkmenistan.com.tm\/index.php?rest_route=\/wp\/v2\/media\/60175"}],"wp:attachment":[{"href":"https:\/\/zamanturkmenistan.com.tm\/index.php?rest_route=%2Fwp%2Fv2%2Fmedia&parent=60174"}],"wp:term":[{"taxonomy":"category","embeddable":true,"href":"https:\/\/zamanturkmenistan.com.tm\/index.php?rest_route=%2Fwp%2Fv2%2Fcategories&post=60174"},{"taxonomy":"post_tag","embeddable":true,"href":"https:\/\/zamanturkmenistan.com.tm\/index.php?rest_route=%2Fwp%2Fv2%2Ftags&post=60174"}],"curies":[{"name":"wp","href":"https:\/\/api.w.org\/{rel}","templated":true}]}}