{"id":60191,"date":"2022-06-23T17:12:57","date_gmt":"2022-06-23T12:12:57","guid":{"rendered":"https:\/\/zamanturkmenistan.com.tm\/?p=60191"},"modified":"2022-06-23T17:14:00","modified_gmt":"2022-06-23T12:14:00","slug":"turkmenistan-owganystana-ynsanperwer-komegini-goyberer","status":"publish","type":"post","link":"https:\/\/zamanturkmenistan.com.tm\/?p=60191","title":{"rendered":"T\u00fcrkmenistan Owganystana ynsanperwer k\u00f6megini iberer"},"content":{"rendered":"\n<p>3-nji i\u00fdunda T\u00fcrkmenistany\u0148 Da\u015fary i\u015fler ministri Ra\u015fid Meredowy\u0148 Owganystany\u0148 T\u00fcrkmenistandaky i\u015fleri wagtla\u00fdyn ynanylan wekili Mohammad Fazel Saber bilen du\u015fu\u015fygy ge\u00e7irildi.<\/p>\n\n\n\n<p>T\u00fcrkmen da\u015fary sy\u00fdasat edarasyny\u0148 \u00fdolba\u015f\u00e7ysy Owgan diplomatyna \u00fd\u00fczlenip T\u00fcrkmenistanda Owganystany\u0148 Host we Paktika wela\u00fdatlarynda bolan hel\u00e4k\u00e7ilikli \u00fder titreme baradaky habary \u00e7u\u0148\u0148ur gynan\u00e7 bilen kabul edilendigini belledi hem-de bu \u00fdurdu\u0148 halkyna gynan\u00e7 we du\u00fdguda\u015flyk s\u00f6zlerini be\u00fdan etdi. DIM-ni\u0148 \u00fdolba\u015f\u00e7ysy T\u00fcrkmenistany\u0148 \u00fdakyn wagtda Owganystany\u0148 doganlyk halkyna ynsanperwer k\u00f6megini \u00fdollamaga ta\u00fd\u00fdardygy barada habar berdi.<\/p>\n","protected":false},"excerpt":{"rendered":"<p>3-nji i\u00fdunda T\u00fcrkmenistany\u0148 Da\u015fary i\u015fler ministri Ra\u015fid Meredowy\u0148 Owganystany\u0148 T\u00fcrkmenistandaky i\u015fleri wagtla\u00fdyn ynanylan wekili Mohammad Fazel Saber bilen du\u015fu\u015fygy ge\u00e7irildi. T\u00fcrkmen da\u015fary sy\u00fdasat edarasyny\u0148 \u00fdolba\u015f\u00e7ysy Owgan diplomatyna \u00fd\u00fczlenip T\u00fcrkmenistanda Owganystany\u0148 Host we Paktika wela\u00fdatlarynda bolan hel\u00e4k\u00e7ilikli \u00fder titreme baradaky habary \u00e7u\u0148\u0148ur gynan\u00e7 bilen kabul edilendigini belledi hem-de bu \u00fdurdu\u0148 halkyna gynan\u00e7 we du\u00fdguda\u015flyk s\u00f6zlerini be\u00fdan [&hellip;]<\/p>\n","protected":false},"author":2,"featured_media":60192,"comment_status":"open","ping_status":"closed","sticky":false,"template":"","format":"standard","meta":{"footnotes":""},"categories":[3],"tags":[],"acf":[],"_links":{"self":[{"href":"https:\/\/zamanturkmenistan.com.tm\/index.php?rest_route=\/wp\/v2\/posts\/60191"}],"collection":[{"href":"https:\/\/zamanturkmenistan.com.tm\/index.php?rest_route=\/wp\/v2\/posts"}],"about":[{"href":"https:\/\/zamanturkmenistan.com.tm\/index.php?rest_route=\/wp\/v2\/types\/post"}],"author":[{"embeddable":true,"href":"https:\/\/zamanturkmenistan.com.tm\/index.php?rest_route=\/wp\/v2\/users\/2"}],"replies":[{"embeddable":true,"href":"https:\/\/zamanturkmenistan.com.tm\/index.php?rest_route=%2Fwp%2Fv2%2Fcomments&post=60191"}],"version-history":[{"count":2,"href":"https:\/\/zamanturkmenistan.com.tm\/index.php?rest_route=\/wp\/v2\/posts\/60191\/revisions"}],"predecessor-version":[{"id":60195,"href":"https:\/\/zamanturkmenistan.com.tm\/index.php?rest_route=\/wp\/v2\/posts\/60191\/revisions\/60195"}],"wp:featuredmedia":[{"embeddable":true,"href":"https:\/\/zamanturkmenistan.com.tm\/index.php?rest_route=\/wp\/v2\/media\/60192"}],"wp:attachment":[{"href":"https:\/\/zamanturkmenistan.com.tm\/index.php?rest_route=%2Fwp%2Fv2%2Fmedia&parent=60191"}],"wp:term":[{"taxonomy":"category","embeddable":true,"href":"https:\/\/zamanturkmenistan.com.tm\/index.php?rest_route=%2Fwp%2Fv2%2Fcategories&post=60191"},{"taxonomy":"post_tag","embeddable":true,"href":"https:\/\/zamanturkmenistan.com.tm\/index.php?rest_route=%2Fwp%2Fv2%2Ftags&post=60191"}],"curies":[{"name":"wp","href":"https:\/\/api.w.org\/{rel}","templated":true}]}}