{"id":60203,"date":"2022-06-23T17:55:14","date_gmt":"2022-06-23T12:55:14","guid":{"rendered":"https:\/\/zamanturkmenistan.com.tm\/?p=60203"},"modified":"2022-06-23T17:55:15","modified_gmt":"2022-06-23T12:55:15","slug":"uzak-aralyga-niyetlenen-taze-ucaryny-synagdan-gecirdi","status":"publish","type":"post","link":"https:\/\/zamanturkmenistan.com.tm\/?p=60203","title":{"rendered":"Uzak ara\u00adly\u00adga ni\u00ad\u00fdet\u00adle\u00adnen t\u00e4\u00adze u\u00e7a\u00adryny synagdan ge\u00e7irdi"},"content":{"rendered":"\n<p>\u00abAir\u00adbus\u00bb kom\u00adpa\u00adni\u00ad\u00fda\u00adsy A321XLR at\u00adly bir ko\u00adri\u00addor\u00adly \u00fdo\u00adlag\u00ad\u00e7y u\u00e7a\u00adry\u00adny\u0148 il\u00adkin\u00adji sy\u00adnag u\u00e7u\u00ad\u015fy\u00adny ama\u00adla a\u015fyr\u00addy. Il\u00adkin\u00adji u\u00e7u\u00ad\u015fy \u015fow\u00adly ta\u00admam\u00adla\u00adnan u\u00e7a\u00adry\u0148 2024-nji \u00fdyl\u00adda \u00f6n\u00fcm\u00ad\u00e7i\u00adli\u00adge go\u00fd\u00adbe\u00adril\u00adme\u00adgi\u00adne ga\u00adra\u00ad\u015fyl\u00ad\u00fdar. A321XLR (extra Long Ran\u00adge) u\u00e7a\u00adry\u00adny\u0148 d\u00f6rt \u00fda\u00adrym sa\u00adgat\u00addan gow\u00adrak do\u00adwam eden u\u00e7u\u00ad\u015fyn\u00adda u\u00e7u\u00ad\u015fa g\u00f6\u00adzeg\u00ad\u00e7i\u00adlik ul\u00adga\u00admy, mo\u00adtor\u00adla\u00adry we be\u00fd\u00adle\u00adki enjamlary pes we \u00fdo\u00adka\u00adry tiz\u00adlik\u00adde bar\u00adla\u00adnyp g\u00f6\u00adr\u00fcl\u00addi. Ger\u00adma\u00adni\u00ad\u00fda\u00adny\u0148 Gam\u00adburg howa menzilinden ama\u00adla a\u015fy\u00adry\u00adlan u\u00e7u\u00ad\u015fa u\u00e7arman\u00adlar\u00addan ba\u015f\u00adga-da in\u00ad\u017ee\u00adner\u00adler hem gat\u00adna\u015f\u00addylar. T\u00e4\u00adze u\u00e7a\u00adry\u0148 her orun \u00fc\u00e7in 30 g\u00f6\u00adte\u00adrim az \u00fdan\u00adgy\u00e7 sarp ed\u00ad\u00fd\u00e4n\u00addi\u00adgi, \u00fdan\u00adgy\u00e7 bilen bir ge\u00adzek dol\u00addu\u00adry\u00adlan\u00adda 8 m\u00fc\u0148 700 ki\u00adlo\u00admetr \u00fdol ge\u00ad\u00e7ip, 11 sa\u00adgat u\u00e7up bil\u00ad\u00fd\u00e4n\u00addi\u00adgi m\u00e4\u00adlim edil\u00addi. 180-220 orun\u00adlyk u\u00e7ardan e\u00fd\u00ad\u00fd\u00e4m 500-ini\u0148 sar\u00adgyt edilendigi a\u00fddyldy.<br>Kom\u00adpa\u00adni\u00ad\u00fda\u00adny\u0148 i\u0148 uly b\u00e4s\u00adde\u00ad\u015fi bo\u00adlan \u00abBoeing\u00bb bu u\u00e7a\u00adry\u0148 de\u00ad\u0148e\u00ad\u00e7e\u00adri\u00adni \u00f6n\u00add\u00fcr\u00adjek\u00addi\u00adgi ba\u00adra\u00adda h\u00e4\u00adzi\u00adre \u00e7en\u00adli mag\u00adlu\u00admat ber\u00adme\u00addi.<\/p>\n","protected":false},"excerpt":{"rendered":"<p>\u00abAir\u00adbus\u00bb kom\u00adpa\u00adni\u00ad\u00fda\u00adsy A321XLR at\u00adly bir ko\u00adri\u00addor\u00adly \u00fdo\u00adlag\u00ad\u00e7y u\u00e7a\u00adry\u00adny\u0148 il\u00adkin\u00adji sy\u00adnag u\u00e7u\u00ad\u015fy\u00adny ama\u00adla a\u015fyr\u00addy. Il\u00adkin\u00adji u\u00e7u\u00ad\u015fy \u015fow\u00adly ta\u00admam\u00adla\u00adnan u\u00e7a\u00adry\u0148 2024-nji \u00fdyl\u00adda \u00f6n\u00fcm\u00ad\u00e7i\u00adli\u00adge go\u00fd\u00adbe\u00adril\u00adme\u00adgi\u00adne ga\u00adra\u00ad\u015fyl\u00ad\u00fdar. A321XLR (extra Long Ran\u00adge) u\u00e7a\u00adry\u00adny\u0148 d\u00f6rt \u00fda\u00adrym sa\u00adgat\u00addan gow\u00adrak do\u00adwam eden u\u00e7u\u00ad\u015fyn\u00adda u\u00e7u\u00ad\u015fa g\u00f6\u00adzeg\u00ad\u00e7i\u00adlik ul\u00adga\u00admy, mo\u00adtor\u00adla\u00adry we be\u00fd\u00adle\u00adki enjamlary pes we \u00fdo\u00adka\u00adry tiz\u00adlik\u00adde bar\u00adla\u00adnyp g\u00f6\u00adr\u00fcl\u00addi. Ger\u00adma\u00adni\u00ad\u00fda\u00adny\u0148 Gam\u00adburg howa menzilinden ama\u00adla a\u015fy\u00adry\u00adlan u\u00e7u\u00ad\u015fa [&hellip;]<\/p>\n","protected":false},"author":2,"featured_media":60204,"comment_status":"open","ping_status":"closed","sticky":false,"template":"","format":"standard","meta":{"footnotes":""},"categories":[5],"tags":[],"acf":[],"_links":{"self":[{"href":"https:\/\/zamanturkmenistan.com.tm\/index.php?rest_route=\/wp\/v2\/posts\/60203"}],"collection":[{"href":"https:\/\/zamanturkmenistan.com.tm\/index.php?rest_route=\/wp\/v2\/posts"}],"about":[{"href":"https:\/\/zamanturkmenistan.com.tm\/index.php?rest_route=\/wp\/v2\/types\/post"}],"author":[{"embeddable":true,"href":"https:\/\/zamanturkmenistan.com.tm\/index.php?rest_route=\/wp\/v2\/users\/2"}],"replies":[{"embeddable":true,"href":"https:\/\/zamanturkmenistan.com.tm\/index.php?rest_route=%2Fwp%2Fv2%2Fcomments&post=60203"}],"version-history":[{"count":1,"href":"https:\/\/zamanturkmenistan.com.tm\/index.php?rest_route=\/wp\/v2\/posts\/60203\/revisions"}],"predecessor-version":[{"id":60205,"href":"https:\/\/zamanturkmenistan.com.tm\/index.php?rest_route=\/wp\/v2\/posts\/60203\/revisions\/60205"}],"wp:featuredmedia":[{"embeddable":true,"href":"https:\/\/zamanturkmenistan.com.tm\/index.php?rest_route=\/wp\/v2\/media\/60204"}],"wp:attachment":[{"href":"https:\/\/zamanturkmenistan.com.tm\/index.php?rest_route=%2Fwp%2Fv2%2Fmedia&parent=60203"}],"wp:term":[{"taxonomy":"category","embeddable":true,"href":"https:\/\/zamanturkmenistan.com.tm\/index.php?rest_route=%2Fwp%2Fv2%2Fcategories&post=60203"},{"taxonomy":"post_tag","embeddable":true,"href":"https:\/\/zamanturkmenistan.com.tm\/index.php?rest_route=%2Fwp%2Fv2%2Ftags&post=60203"}],"curies":[{"name":"wp","href":"https:\/\/api.w.org\/{rel}","templated":true}]}}