{"id":60332,"date":"2022-06-25T10:43:07","date_gmt":"2022-06-25T05:43:07","guid":{"rendered":"https:\/\/zamanturkmenistan.com.tm\/?p=60332"},"modified":"2022-06-25T10:43:07","modified_gmt":"2022-06-25T05:43:07","slug":"ekspo-2025-butindunya-sergisinde-milli-pawilyonymyzy-gurmak-ucin-baslesik-yglan-ediler","status":"publish","type":"post","link":"https:\/\/zamanturkmenistan.com.tm\/?p=60332","title":{"rendered":"\u00abEKSPO \u2014 2025\u00bb B\u00fctind\u00fcn\u00fd\u00e4 sergisinde milli pawil\u00fdonymyzy gurmak \u00fc\u00e7in b\u00e4sle\u015fik yglan ediler"},"content":{"rendered":"\n<p>24-nji i\u00fdunda ge\u00e7irilen Ministrler Kabinetini\u0148 sanly ulgam arkaly mejlisinde&nbsp; Ministrler Kabinetini\u0148 Ba\u015flygyny\u0148 \u043erunbasary B.Atda\u00fdew \u00abEKSPO \u2014 2025\u00bb B\u00fctind\u00fcn\u00fd\u00e4 sergisine T\u00fcrkmenistany\u0148 gatna\u015fmagyny\u0148 \u00fdokary gurama\u00e7ylyk derejesini \u00fcpj\u00fcn etmek bo\u00fdun\u00e7a alnyp baryl\u00fdan i\u015fler barada hasabat berdi. \u201c\u00dda\u015fa\u00fd\u015fymyz \u00fc\u00e7in geljegi\u0148 jemgy\u00fdetini d\u00f6red\u00fd\u00e4ris\u201d \u015fygary astynda guraljak bu halkara forumy\u0148 2025-nji \u00fdyly\u0148 13-nji apreli \u2014 13-nji okt\u00fdabry aralygynda \u00ddaponi\u00fdany\u0148 Osaka \u015f\u00e4herinde ge\u00e7iriljekdigi habar berildi.<\/p>\n\n\n\n<p>Gurama\u00e7ylyk i\u015flerini\u0148 dowamynda \u00fdapon tarapy T\u00fcrkmenistany\u0148 milli pawil\u00fdonyny \u201cDurmu\u015f m\u00fcmkin\u00e7iliklerini gi\u0148eltmek\u201d atly b\u00f6l\u00fcmde \u00fderle\u015fdirmegi teklip ed\u00fd\u00e4r. \u015eunu\u0148 bilen baglylykda, \u00abEKSPO \u2014 2025\u00bb sergisinde milli pawil\u00fdonymyzy gurmagy\u0148 taslamalaryny sa\u00fdlap almak \u00fc\u00e7in \u00fdurdumyzy\u0148 gurlu\u015fyk kompani\u00fdalaryny\u0148 arasynda b\u00e4sle\u015fik yglan etmek me\u00fdille\u015fdiril\u00fd\u00e4r.<\/p>\n\n\n\n<p>Hormatly Prezidentimiz hasabaty di\u0148l\u00e4p, d\u00f6wlet strategi\u00fdasyny\u0148 \u00fcst\u00fcnlikli durmu\u015fa ge\u00e7irilmegi netijesinde h\u00e4zirki wagtda T\u00fcrkmenistanda ykdysady \u00f6s\u00fc\u015fi\u0148 milli nusgasy kemala getirildi, munu\u0148 \u00f6zi t\u00fcrkmen halkyny\u0148 abadan durmu\u015fyny \u00fcpj\u00fcn etm\u00e4ge hem-de Di\u00fdarymyza d\u00fcn\u00fd\u00e4ni\u0148 ykdysady ta\u00fddan \u00f6sen we sy\u00fdasy ta\u00fddan durnukly d\u00f6wletleri\u0148 hatarynda mynasyp orun e\u00fdelem\u00e4ge m\u00fcmkin\u00e7ilik ber\u00fd\u00e4r di\u00fdip belledi. D\u00f6wlet Ba\u015ftutanymyz \u00abEKSPO \u2014 2025\u00bb sergisine gatna\u015fmagy\u0148 m\u00f6h\u00fcmdigi barada a\u00fddyp, \u015fe\u00fdle gi\u0148 gerimli g\u00f6zden ge\u00e7iri\u015fleri\u0148 Watanymyzy\u0148 gazananlaryny, onu\u0148 eksport kuwwatyny a\u00e7yp g\u00f6rkezmek, tejribe aly\u015fmak, \u00f6zara b\u00e4hbitli hyzmatda\u015flyk meselelerini o\u0148yn \u00e7\u00f6zmek \u00fc\u00e7in t\u00e4ze m\u00fcmkin\u00e7ilikleri a\u00e7\u00fdandygyny nygtady. D\u00f6wlet Ba\u015ftutanymyzy\u0148 belle\u00fd\u015fi \u00fdaly, \u00fdurdumyzy\u0148 milli pawil\u00fdonyny\u0148 bezeg i\u015flerinde \u00f6zbolu\u015fly \u00e7\u00f6zg\u00fctleri\u0148 ulanylmagy zerurdyr, olarda milli binag\u00e4rligi\u0148 gadymy \u00fd\u00f6relgeleri \u00f6z be\u00fdanyny tapmalydyr. Hormatly Prezidentimiz Serdar Berdimuhamedow bu babatda toplanan o\u0148yn tejrib\u00e4ni\u0148 yzygiderli ba\u00fdla\u015fdyrylmagyny\u0148 zerurdygyny bell\u00e4p, wise-prem\u00fdere \u00fdurdumyzy\u0148 bu halkara serg\u00e4 gatna\u015fmagyny\u0148 \u00fdokary derejesini \u00fcpj\u00fcn etmek bo\u00fdun\u00e7a gurama\u00e7ylyk i\u015flerini hemi\u015fe g\u00f6zeg\u00e7ilikde saklamagy tab\u015fyrdy.<\/p>\n","protected":false},"excerpt":{"rendered":"<p>24-nji i\u00fdunda ge\u00e7irilen Ministrler Kabinetini\u0148 sanly ulgam arkaly mejlisinde&nbsp; Ministrler Kabinetini\u0148 Ba\u015flygyny\u0148 \u043erunbasary B.Atda\u00fdew \u00abEKSPO \u2014 2025\u00bb B\u00fctind\u00fcn\u00fd\u00e4 sergisine T\u00fcrkmenistany\u0148 gatna\u015fmagyny\u0148 \u00fdokary gurama\u00e7ylyk derejesini \u00fcpj\u00fcn etmek bo\u00fdun\u00e7a alnyp baryl\u00fdan i\u015fler barada hasabat berdi. \u201c\u00dda\u015fa\u00fd\u015fymyz \u00fc\u00e7in geljegi\u0148 jemgy\u00fdetini d\u00f6red\u00fd\u00e4ris\u201d \u015fygary astynda guraljak bu halkara forumy\u0148 2025-nji \u00fdyly\u0148 13-nji apreli \u2014 13-nji okt\u00fdabry aralygynda \u00ddaponi\u00fdany\u0148 Osaka \u015f\u00e4herinde [&hellip;]<\/p>\n","protected":false},"author":2,"featured_media":60333,"comment_status":"open","ping_status":"closed","sticky":false,"template":"","format":"standard","meta":{"footnotes":""},"categories":[3],"tags":[],"acf":[],"_links":{"self":[{"href":"https:\/\/zamanturkmenistan.com.tm\/index.php?rest_route=\/wp\/v2\/posts\/60332"}],"collection":[{"href":"https:\/\/zamanturkmenistan.com.tm\/index.php?rest_route=\/wp\/v2\/posts"}],"about":[{"href":"https:\/\/zamanturkmenistan.com.tm\/index.php?rest_route=\/wp\/v2\/types\/post"}],"author":[{"embeddable":true,"href":"https:\/\/zamanturkmenistan.com.tm\/index.php?rest_route=\/wp\/v2\/users\/2"}],"replies":[{"embeddable":true,"href":"https:\/\/zamanturkmenistan.com.tm\/index.php?rest_route=%2Fwp%2Fv2%2Fcomments&post=60332"}],"version-history":[{"count":1,"href":"https:\/\/zamanturkmenistan.com.tm\/index.php?rest_route=\/wp\/v2\/posts\/60332\/revisions"}],"predecessor-version":[{"id":60334,"href":"https:\/\/zamanturkmenistan.com.tm\/index.php?rest_route=\/wp\/v2\/posts\/60332\/revisions\/60334"}],"wp:featuredmedia":[{"embeddable":true,"href":"https:\/\/zamanturkmenistan.com.tm\/index.php?rest_route=\/wp\/v2\/media\/60333"}],"wp:attachment":[{"href":"https:\/\/zamanturkmenistan.com.tm\/index.php?rest_route=%2Fwp%2Fv2%2Fmedia&parent=60332"}],"wp:term":[{"taxonomy":"category","embeddable":true,"href":"https:\/\/zamanturkmenistan.com.tm\/index.php?rest_route=%2Fwp%2Fv2%2Fcategories&post=60332"},{"taxonomy":"post_tag","embeddable":true,"href":"https:\/\/zamanturkmenistan.com.tm\/index.php?rest_route=%2Fwp%2Fv2%2Ftags&post=60332"}],"curies":[{"name":"wp","href":"https:\/\/api.w.org\/{rel}","templated":true}]}}