{"id":60340,"date":"2022-06-25T10:53:20","date_gmt":"2022-06-25T05:53:20","guid":{"rendered":"https:\/\/zamanturkmenistan.com.tm\/?p=60340"},"modified":"2022-06-25T12:20:09","modified_gmt":"2022-06-25T07:20:09","slug":"cop15-in-2-nji-tapgyry-hytaydan-kanada-gecirildi","status":"publish","type":"post","link":"https:\/\/zamanturkmenistan.com.tm\/?p=60340","title":{"rendered":"COP15-i\u0148 2-nji tapgyry Hyta\u00fddan Kanada ge\u00e7irildi"},"content":{"rendered":"\n<p>Birle\u015fen Milletler Guramasyny\u0148 Biod\u00fcrl\u00fclik baradaky Konwensi\u00fdasyna (COP15) gatna\u015fyjylary\u0148 15-nji maslahatyny\u0148 ikinji tapgyry \u015fu \u00fdyly\u0148 5-17-nji dekabrynda Kanadany\u0148 Monreal \u015f\u00e4herinde ge\u00e7iriler. Bu barada Hyta\u00fdy\u0148 Ekologi\u00fda we da\u015fky gur\u015faw ministrligi m\u00e4lim etdi.<\/p>\n\n\n\n<p>Sessi\u00fda ilkiba\u015fda \u015fu \u00fdyly\u0148 aprel a\u00fdynda Hyta\u00fdy\u0148 g\u00fcnorta-g\u00fcnbataryndaky \u00ddunnan wela\u00fdatyny\u0148 merkezi Kunminde ge\u00e7irilmegi me\u00fdille\u015fdirilip, COVID-19 pandemi\u00fdasy seb\u00e4pli yza s\u00fc\u00fd\u015f\u00fcrilipdi.<\/p>\n\n\n\n<p>Ministrligi\u0148 habaryna g\u00f6r\u00e4, Hyta\u00fd bu maslahaty\u0148 m\u00f6h\u00fcm sy\u00fdasy meselelerine \u00fdolba\u015f\u00e7ylyk etmek \u00fc\u00e7in COP15-i\u0148 ba\u015flygy wezipesini dowam etdirer.<\/p>\n\n\n\n<p>Ge\u00e7en \u00fdyly\u0148 okt\u00fdabr a\u00fdynda Kunminde ge\u00e7irilen COP15-i\u0148 birinji tapgyry bir wagty\u0148 \u00f6z\u00fcnde \u00fd\u00fczbe-\u00fd\u00fcz hem-de onla\u00fdn \u00fdagda\u00fdda ge\u00e7irildi. Onu\u0148 gazanan \u00fcst\u00fcnlikleri, biod\u00fcrl\u00fcligi\u0148 global prosesine we taraplary\u0148 2020-nji \u00fdyldan so\u0148ky global biod\u00fcrl\u00fcligi\u0148 \u00e7ar\u00e7uwaly maksatnamasy baradaky ylala\u015fygyna g\u00fc\u00fd\u00e7li sy\u00fdasy itergi beripdi. Hyta\u00fd biod\u00fcrl\u00fcligi gorap saklamaga a\u00fdratyn \u00e4hmi\u00fdet ber\u00fd\u00e4r we bu ugurda geple\u015fikleri \u00e7altla\u015fdyrmak hem-de \u00dder \u00fd\u00fcz\u00fcnd\u00e4ki \u00fda\u015fa\u00fd\u015fy\u0148 hatyrasyna umumy geljegi gurmaga has k\u00f6p go\u015fant go\u015fmak maksady bilen COP15-i\u0148 ikinji tapgyrynda \u00e4hli gyzyklan\u00fdan taraplar bilen hyzmatda\u015flygy has-da artdyrmagy me\u00fdille\u015fdir\u00fd\u00e4r.<\/p>\n","protected":false},"excerpt":{"rendered":"<p>Birle\u015fen Milletler Guramasyny\u0148 Biod\u00fcrl\u00fclik baradaky Konwensi\u00fdasyna (COP15) gatna\u015fyjylary\u0148 15-nji maslahatyny\u0148 ikinji tapgyry \u015fu \u00fdyly\u0148 5-17-nji dekabrynda Kanadany\u0148 Monreal \u015f\u00e4herinde ge\u00e7iriler. Bu barada Hyta\u00fdy\u0148 Ekologi\u00fda we da\u015fky gur\u015faw ministrligi m\u00e4lim etdi. Sessi\u00fda ilkiba\u015fda \u015fu \u00fdyly\u0148 aprel a\u00fdynda Hyta\u00fdy\u0148 g\u00fcnorta-g\u00fcnbataryndaky \u00ddunnan wela\u00fdatyny\u0148 merkezi Kunminde ge\u00e7irilmegi me\u00fdille\u015fdirilip, COVID-19 pandemi\u00fdasy seb\u00e4pli yza s\u00fc\u00fd\u015f\u00fcrilipdi. Ministrligi\u0148 habaryna g\u00f6r\u00e4, Hyta\u00fd bu maslahaty\u0148 [&hellip;]<\/p>\n","protected":false},"author":2,"featured_media":60373,"comment_status":"open","ping_status":"closed","sticky":false,"template":"","format":"standard","meta":{"footnotes":""},"categories":[5],"tags":[],"acf":[],"_links":{"self":[{"href":"https:\/\/zamanturkmenistan.com.tm\/index.php?rest_route=\/wp\/v2\/posts\/60340"}],"collection":[{"href":"https:\/\/zamanturkmenistan.com.tm\/index.php?rest_route=\/wp\/v2\/posts"}],"about":[{"href":"https:\/\/zamanturkmenistan.com.tm\/index.php?rest_route=\/wp\/v2\/types\/post"}],"author":[{"embeddable":true,"href":"https:\/\/zamanturkmenistan.com.tm\/index.php?rest_route=\/wp\/v2\/users\/2"}],"replies":[{"embeddable":true,"href":"https:\/\/zamanturkmenistan.com.tm\/index.php?rest_route=%2Fwp%2Fv2%2Fcomments&post=60340"}],"version-history":[{"count":1,"href":"https:\/\/zamanturkmenistan.com.tm\/index.php?rest_route=\/wp\/v2\/posts\/60340\/revisions"}],"predecessor-version":[{"id":60342,"href":"https:\/\/zamanturkmenistan.com.tm\/index.php?rest_route=\/wp\/v2\/posts\/60340\/revisions\/60342"}],"wp:featuredmedia":[{"embeddable":true,"href":"https:\/\/zamanturkmenistan.com.tm\/index.php?rest_route=\/wp\/v2\/media\/60373"}],"wp:attachment":[{"href":"https:\/\/zamanturkmenistan.com.tm\/index.php?rest_route=%2Fwp%2Fv2%2Fmedia&parent=60340"}],"wp:term":[{"taxonomy":"category","embeddable":true,"href":"https:\/\/zamanturkmenistan.com.tm\/index.php?rest_route=%2Fwp%2Fv2%2Fcategories&post=60340"},{"taxonomy":"post_tag","embeddable":true,"href":"https:\/\/zamanturkmenistan.com.tm\/index.php?rest_route=%2Fwp%2Fv2%2Ftags&post=60340"}],"curies":[{"name":"wp","href":"https:\/\/api.w.org\/{rel}","templated":true}]}}