{"id":60530,"date":"2022-06-27T16:01:14","date_gmt":"2022-06-27T11:01:14","guid":{"rendered":"https:\/\/zamanturkmenistan.com.tm\/?p=60530"},"modified":"2022-06-27T16:01:15","modified_gmt":"2022-06-27T11:01:15","slug":"suwa-dusulende-namelere-uns-berilmeli","status":"publish","type":"post","link":"https:\/\/zamanturkmenistan.com.tm\/?p=60530","title":{"rendered":"Suwa d\u00fc\u015f\u00fclende n\u00e4melere \u00fcns berilmeli?"},"content":{"rendered":"\n<p>Suwa d\u00fc\u015f\u00fclende&nbsp; rugsat&nbsp; beril\u00fd\u00e4n \u00e7\u00e4klerden da\u015f \u00fderlere barmakdan saklany\u0148, a\u00fdaklary\u0148yzy\u0148 we elleri\u0148izi\u0148 damary \u00e7ekse, suwdan \u00e7ykmaly \u00fda-da birini dessine k\u00f6mege \u00e7agyrmaly. N\u00e4tany\u015f, \u00e7ola \u00fderlerde \u00fd\u00fczmek gadagandyr. Irden sagat 07:00-dan 10:00-a \u00e7enli, \u00f6\u00fdl\u00e4n sagat 18:00-dan 21:00-a \u00e7enli suwa d\u00fc\u015fmek maslahat beril\u00fd\u00e4r. Suwa&nbsp; d\u00fc\u015fmegi\u0148 dowamlylygy 30 minutdan artyk bolmaly d\u00e4ldir. Suwa d\u00fc\u015fmezden iki sagat \u00f6\u0148, \u00fde\u0148il \u00fdagsyz naharlary we g\u00f6k-\u00f6n\u00fcmlerden ta\u00fd\u00fdarlanan i\u015fd\u00e4a\u00e7arlary i\u00fdmek maslahat beril\u00fd\u00e4r.<\/p>\n\n\n\n<p>Eger-de suwda gark bol\u00fdany g\u00f6rse\u0148iz, da\u015f-t\u00f6werekde ba\u015fga-da adamlar bar bolsa, \u015folary hem k\u00f6mege \u00e7agyrmaly we gark bolany halas ed\u00fd\u00e4n\u00e7\u00e4\u0148iz \u201cTiz k\u00f6mek\u201d gullugyna ja\u0148 etmeli. Gark bolup bar\u00fdan adamy halas edeni\u0148izde, yzyndan baryp, onu\u0148 \u00fde\u0148se tarap sa\u00e7yndan \u00fda-da goltugyndan tutmaly we \u00fd\u00fcz\u00fcni \u00fdokary tutup, kenara tarap alyp \u00e7ykmaly.<\/p>\n\n\n\n<p>Eger-de halas edilen adam kenara \u00e7ykarylandan so\u0148 dem alyp bil\u00fd\u00e4n bolsa, onu\u0148 endamyny guratmaly, d\u00fcrli \u00f6rt\u00fckler bilen \u00f6rt\u00fcp \u00fdylatmaly we \u00fdylyjak \u00e7a\u00fd, kofe i\u00e7irmeli.<\/p>\n\n\n\n<p>Eger-de gark bol\u00fdan adam e\u00fd\u00fd\u00e4m suwa \u00e7\u00fcmen bolsa, halas ediji hem suwa \u00e7\u00fcm\u00fcp, gark bolany\u0148 elinden \u00fdapy\u015fyp, suwu\u0148 \u00fd\u00fcz\u00fcne \u00e7ykarmaly we \u00fd\u00fcz\u00fcni \u00fdokary tutmaly.<\/p>\n\n\n\n<p>Gark bolany hu\u015fsuz \u00fdagda\u00fdda kenara \u00e7ykarany\u0148yzda, \u201cTiz k\u00f6mek\u201d gullugy gel\u00fd\u00e4n\u00e7\u00e4 ilkinji k\u00f6megini berm\u00e4ge howlukmaly (\u00f6\u00fdken-\u00fd\u00fcrek reanimasi\u00fdasy) we agyz-burun bo\u015flugyny del jisimlerinden arassalamaly.<\/p>\n\n\n\n<p class=\"has-text-align-right\"><strong>T\u00fcrkmenistany\u0148 Saglygy gora\u00fdy\u015f we derman senagaty ministrligini\u0148 Saglygy gora\u00fd\u015fy\u0148 habarlar merkezi<\/strong><\/p>\n","protected":false},"excerpt":{"rendered":"<p>Suwa d\u00fc\u015f\u00fclende&nbsp; rugsat&nbsp; beril\u00fd\u00e4n \u00e7\u00e4klerden da\u015f \u00fderlere barmakdan saklany\u0148, a\u00fdaklary\u0148yzy\u0148 we elleri\u0148izi\u0148 damary \u00e7ekse, suwdan \u00e7ykmaly \u00fda-da birini dessine k\u00f6mege \u00e7agyrmaly. N\u00e4tany\u015f, \u00e7ola \u00fderlerde \u00fd\u00fczmek gadagandyr. Irden sagat 07:00-dan 10:00-a \u00e7enli, \u00f6\u00fdl\u00e4n sagat 18:00-dan 21:00-a \u00e7enli suwa d\u00fc\u015fmek maslahat beril\u00fd\u00e4r. Suwa&nbsp; d\u00fc\u015fmegi\u0148 dowamlylygy 30 minutdan artyk bolmaly d\u00e4ldir. Suwa d\u00fc\u015fmezden iki sagat \u00f6\u0148, \u00fde\u0148il \u00fdagsyz [&hellip;]<\/p>\n","protected":false},"author":2,"featured_media":60539,"comment_status":"open","ping_status":"closed","sticky":false,"template":"","format":"standard","meta":{"footnotes":""},"categories":[3],"tags":[],"acf":[],"_links":{"self":[{"href":"https:\/\/zamanturkmenistan.com.tm\/index.php?rest_route=\/wp\/v2\/posts\/60530"}],"collection":[{"href":"https:\/\/zamanturkmenistan.com.tm\/index.php?rest_route=\/wp\/v2\/posts"}],"about":[{"href":"https:\/\/zamanturkmenistan.com.tm\/index.php?rest_route=\/wp\/v2\/types\/post"}],"author":[{"embeddable":true,"href":"https:\/\/zamanturkmenistan.com.tm\/index.php?rest_route=\/wp\/v2\/users\/2"}],"replies":[{"embeddable":true,"href":"https:\/\/zamanturkmenistan.com.tm\/index.php?rest_route=%2Fwp%2Fv2%2Fcomments&post=60530"}],"version-history":[{"count":1,"href":"https:\/\/zamanturkmenistan.com.tm\/index.php?rest_route=\/wp\/v2\/posts\/60530\/revisions"}],"predecessor-version":[{"id":60540,"href":"https:\/\/zamanturkmenistan.com.tm\/index.php?rest_route=\/wp\/v2\/posts\/60530\/revisions\/60540"}],"wp:featuredmedia":[{"embeddable":true,"href":"https:\/\/zamanturkmenistan.com.tm\/index.php?rest_route=\/wp\/v2\/media\/60539"}],"wp:attachment":[{"href":"https:\/\/zamanturkmenistan.com.tm\/index.php?rest_route=%2Fwp%2Fv2%2Fmedia&parent=60530"}],"wp:term":[{"taxonomy":"category","embeddable":true,"href":"https:\/\/zamanturkmenistan.com.tm\/index.php?rest_route=%2Fwp%2Fv2%2Fcategories&post=60530"},{"taxonomy":"post_tag","embeddable":true,"href":"https:\/\/zamanturkmenistan.com.tm\/index.php?rest_route=%2Fwp%2Fv2%2Ftags&post=60530"}],"curies":[{"name":"wp","href":"https:\/\/api.w.org\/{rel}","templated":true}]}}