{"id":60541,"date":"2022-06-27T16:28:23","date_gmt":"2022-06-27T11:28:23","guid":{"rendered":"https:\/\/zamanturkmenistan.com.tm\/?p=60541"},"modified":"2022-06-27T16:28:24","modified_gmt":"2022-06-27T11:28:24","slug":"gazagystanyn-prezidenti-hazar-sammitine-gatnasyar","status":"publish","type":"post","link":"https:\/\/zamanturkmenistan.com.tm\/?p=60541","title":{"rendered":"Gazagystany\u0148 Prezidenti Hazar sammitine gatna\u015f\u00fdar"},"content":{"rendered":"\n<p>Gazagystan Respublikasyny\u0148 Prezidenti Kasym-\u017domart Toka\u00fdew 29-njy i\u00fdunda A\u015fgabatda ge\u00e7iriljek Hazar\u00fdaka d\u00f6wletlerini\u0148 Ba\u015ftutanlaryny\u0148 VI sammitine gatna\u015far. Bu barada \u00fdurdu\u0148 d\u00f6wlet Ba\u015ftutanyny\u0148 metbugat gullugy habar berdi.<\/p>\n\n\n\n<p>\u2013 29-njy i\u00fdunda Kasym-\u017domart Toka\u00fdew T\u00fcrkmenistany\u0148 pa\u00fdtagty A\u015fgabatda ge\u00e7iriljek Hazar\u00fdaka d\u00f6wletlerini\u0148 Ba\u015ftutanlaryny\u0148 VI sammitine gatna\u015f\u00fdar \u2013 di\u00fdlip, metbugat be\u00fdanatynda bellenil\u00fd\u00e4r.<\/p>\n\n\n\n<p>Hazar sammiti mundan 4 \u00fdyldan ozal, 2018-nji \u00fdyly\u0148 12-nji awgustynda Gazagystany\u0148 Aktau \u015f\u00e4herinde ge\u00e7irilipdi. \u015eol sammitde Hazar de\u0148zini\u0148 hukuk derejesine degi\u015fli konwensi\u00fda gol \u00e7ekilipdi.<\/p>\n\n\n\n<p><\/p>\n","protected":false},"excerpt":{"rendered":"<p>Gazagystan Respublikasyny\u0148 Prezidenti Kasym-\u017domart Toka\u00fdew 29-njy i\u00fdunda A\u015fgabatda ge\u00e7iriljek Hazar\u00fdaka d\u00f6wletlerini\u0148 Ba\u015ftutanlaryny\u0148 VI sammitine gatna\u015far. Bu barada \u00fdurdu\u0148 d\u00f6wlet Ba\u015ftutanyny\u0148 metbugat gullugy habar berdi. \u2013 29-njy i\u00fdunda Kasym-\u017domart Toka\u00fdew T\u00fcrkmenistany\u0148 pa\u00fdtagty A\u015fgabatda ge\u00e7iriljek Hazar\u00fdaka d\u00f6wletlerini\u0148 Ba\u015ftutanlaryny\u0148 VI sammitine gatna\u015f\u00fdar \u2013 di\u00fdlip, metbugat be\u00fdanatynda bellenil\u00fd\u00e4r. Hazar sammiti mundan 4 \u00fdyldan ozal, 2018-nji \u00fdyly\u0148 12-nji awgustynda Gazagystany\u0148 [&hellip;]<\/p>\n","protected":false},"author":2,"featured_media":60542,"comment_status":"open","ping_status":"closed","sticky":false,"template":"","format":"standard","meta":{"footnotes":""},"categories":[5],"tags":[],"acf":[],"_links":{"self":[{"href":"https:\/\/zamanturkmenistan.com.tm\/index.php?rest_route=\/wp\/v2\/posts\/60541"}],"collection":[{"href":"https:\/\/zamanturkmenistan.com.tm\/index.php?rest_route=\/wp\/v2\/posts"}],"about":[{"href":"https:\/\/zamanturkmenistan.com.tm\/index.php?rest_route=\/wp\/v2\/types\/post"}],"author":[{"embeddable":true,"href":"https:\/\/zamanturkmenistan.com.tm\/index.php?rest_route=\/wp\/v2\/users\/2"}],"replies":[{"embeddable":true,"href":"https:\/\/zamanturkmenistan.com.tm\/index.php?rest_route=%2Fwp%2Fv2%2Fcomments&post=60541"}],"version-history":[{"count":1,"href":"https:\/\/zamanturkmenistan.com.tm\/index.php?rest_route=\/wp\/v2\/posts\/60541\/revisions"}],"predecessor-version":[{"id":60543,"href":"https:\/\/zamanturkmenistan.com.tm\/index.php?rest_route=\/wp\/v2\/posts\/60541\/revisions\/60543"}],"wp:featuredmedia":[{"embeddable":true,"href":"https:\/\/zamanturkmenistan.com.tm\/index.php?rest_route=\/wp\/v2\/media\/60542"}],"wp:attachment":[{"href":"https:\/\/zamanturkmenistan.com.tm\/index.php?rest_route=%2Fwp%2Fv2%2Fmedia&parent=60541"}],"wp:term":[{"taxonomy":"category","embeddable":true,"href":"https:\/\/zamanturkmenistan.com.tm\/index.php?rest_route=%2Fwp%2Fv2%2Fcategories&post=60541"},{"taxonomy":"post_tag","embeddable":true,"href":"https:\/\/zamanturkmenistan.com.tm\/index.php?rest_route=%2Fwp%2Fv2%2Ftags&post=60541"}],"curies":[{"name":"wp","href":"https:\/\/api.w.org\/{rel}","templated":true}]}}