{"id":60642,"date":"2022-06-29T08:43:00","date_gmt":"2022-06-29T03:43:00","guid":{"rendered":"https:\/\/zamanturkmenistan.com.tm\/?p=60642"},"modified":"2022-06-28T20:45:06","modified_gmt":"2022-06-28T15:45:06","slug":"taryhda-su-gun-boeing-in-ilkinji-ucary","status":"publish","type":"post","link":"https:\/\/zamanturkmenistan.com.tm\/?p=60642","title":{"rendered":"Taryhda \u015fu g\u00fcn &#8211; \u00abBoeing\u00bb-i\u0148 ilkinji u\u00e7ary"},"content":{"rendered":"\n<p>1916-njy \u00fdy\u00adly\u0148 29-njy i\u00fdu\u00adnyn\u00adda ame\u00adri\u00adkan awia\u00adkonst\u00adruk\u00adto\u00adry, \u00abBoeing\u00bb awia\u00adgur\u00adlu\u00ad\u015fyk kom\u00adpa\u00adni\u00ad\u00fda\u00adsy\u00adny\u0148 \u00f6n\u00fcm\u00ad\u00e7i\u00adli\u00adgi\u00adni esas\u00adlan\u00addy\u00adry\u00adjy we gu\u00adra\u00adma\u00ad\u00e7y Wil\u00ad\u00fd\u00adam Ed\u00adward Boing (1881\u20141956) adybir awia\u00adkom\u00adpa\u00adni\u00ad\u00fda\u00adny\u0148 il\u00adkin\u00adji la\u00fdnerini u\u00e7ur\u00addy.<\/p>\n","protected":false},"excerpt":{"rendered":"<p>1916-njy \u00fdy\u00adly\u0148 29-njy i\u00fdu\u00adnyn\u00adda ame\u00adri\u00adkan awia\u00adkonst\u00adruk\u00adto\u00adry, \u00abBoeing\u00bb awia\u00adgur\u00adlu\u00ad\u015fyk kom\u00adpa\u00adni\u00ad\u00fda\u00adsy\u00adny\u0148 \u00f6n\u00fcm\u00ad\u00e7i\u00adli\u00adgi\u00adni esas\u00adlan\u00addy\u00adry\u00adjy we gu\u00adra\u00adma\u00ad\u00e7y Wil\u00ad\u00fd\u00adam Ed\u00adward Boing (1881\u20141956) adybir awia\u00adkom\u00adpa\u00adni\u00ad\u00fda\u00adny\u0148 il\u00adkin\u00adji la\u00fdnerini u\u00e7ur\u00addy.<\/p>\n","protected":false},"author":2,"featured_media":60643,"comment_status":"open","ping_status":"closed","sticky":false,"template":"","format":"standard","meta":{"footnotes":""},"categories":[5,402],"tags":[],"_links":{"self":[{"href":"https:\/\/zamanturkmenistan.com.tm\/index.php?rest_route=\/wp\/v2\/posts\/60642"}],"collection":[{"href":"https:\/\/zamanturkmenistan.com.tm\/index.php?rest_route=\/wp\/v2\/posts"}],"about":[{"href":"https:\/\/zamanturkmenistan.com.tm\/index.php?rest_route=\/wp\/v2\/types\/post"}],"author":[{"embeddable":true,"href":"https:\/\/zamanturkmenistan.com.tm\/index.php?rest_route=\/wp\/v2\/users\/2"}],"replies":[{"embeddable":true,"href":"https:\/\/zamanturkmenistan.com.tm\/index.php?rest_route=%2Fwp%2Fv2%2Fcomments&post=60642"}],"version-history":[{"count":1,"href":"https:\/\/zamanturkmenistan.com.tm\/index.php?rest_route=\/wp\/v2\/posts\/60642\/revisions"}],"predecessor-version":[{"id":60644,"href":"https:\/\/zamanturkmenistan.com.tm\/index.php?rest_route=\/wp\/v2\/posts\/60642\/revisions\/60644"}],"wp:featuredmedia":[{"embeddable":true,"href":"https:\/\/zamanturkmenistan.com.tm\/index.php?rest_route=\/wp\/v2\/media\/60643"}],"wp:attachment":[{"href":"https:\/\/zamanturkmenistan.com.tm\/index.php?rest_route=%2Fwp%2Fv2%2Fmedia&parent=60642"}],"wp:term":[{"taxonomy":"category","embeddable":true,"href":"https:\/\/zamanturkmenistan.com.tm\/index.php?rest_route=%2Fwp%2Fv2%2Fcategories&post=60642"},{"taxonomy":"post_tag","embeddable":true,"href":"https:\/\/zamanturkmenistan.com.tm\/index.php?rest_route=%2Fwp%2Fv2%2Ftags&post=60642"}],"curies":[{"name":"wp","href":"https:\/\/api.w.org\/{rel}","templated":true}]}}