{"id":60664,"date":"2022-06-29T11:25:57","date_gmt":"2022-06-29T06:25:57","guid":{"rendered":"https:\/\/zamanturkmenistan.com.tm\/?p=60664"},"modified":"2022-06-29T13:14:25","modified_gmt":"2022-06-29T08:14:25","slug":"eyran-yslam-respublikasynyn-prezidenti-asgabada-geldi","status":"publish","type":"post","link":"https:\/\/zamanturkmenistan.com.tm\/?p=60664","title":{"rendered":"E\u00fdran Yslam Respublikasyny\u0148 Prezidenti A\u015fgabada geldi"},"content":{"rendered":"\n<p>E\u00fdran Yslam Respublikasyny\u0148 Prezidenti Se\u00fded Ebrahim Raisi Hazar\u00fdaka d\u00f6wletlerini\u0148 Ba\u015ftutanlaryny\u0148 VI sammitine gatna\u015fmak \u00fc\u00e7in A\u015fgabada geldi. Prezident Raisi \u015fu g\u00fcn \u00fdokary derejed\u00e4ki wekili\u00fdet bilen A\u015fgabatda ge\u00e7iriljek Hazar sammitine gatna\u015far.<\/p>\n\n\n\n<p>Prezident Ebrahim Raisini A\u015fgabady\u0148 halkara howa menzilinde Ministrler Kabinetini\u0148 Ba\u015flygyny\u0148 orunbasary, T\u00fcrkmenistany\u0148 da\u015fary i\u015fler ministri Ra\u015fid Meredow gar\u015fylady.<\/p>\n\n\n\n<p>E\u00fdrany\u0148 Prezidenti sammiti\u0148 \u00e7\u00e4klerinde o\u0148a gatna\u015f\u00fdan d\u00f6wlet Ba\u015ftutanlary bilen iki\u00e7\u00e4k du\u015fu\u015fyklary ge\u00e7irer.<\/p>\n\n\n\n<p>Sammite Hazar\u00fdaka d\u00f6wletlerini\u0148 \u00e4hlisini d\u00f6wlet \u00fdolba\u015f\u00e7ylary gatna\u015f\u00fdar.<\/p>\n\n\n\n<figure class=\"wp-block-image size-large\"><img decoding=\"async\" loading=\"lazy\" width=\"1024\" height=\"683\" src=\"https:\/\/zamanturkmenistan.com.tm\/wp-content\/uploads\/2022\/06\/media-center-1024x683.jpg\" alt=\"\" class=\"wp-image-60671\" srcset=\"https:\/\/zamanturkmenistan.com.tm\/wp-content\/uploads\/2022\/06\/media-center-1024x683.jpg 1024w, https:\/\/zamanturkmenistan.com.tm\/wp-content\/uploads\/2022\/06\/media-center-300x200.jpg 300w, https:\/\/zamanturkmenistan.com.tm\/wp-content\/uploads\/2022\/06\/media-center-768x512.jpg 768w, https:\/\/zamanturkmenistan.com.tm\/wp-content\/uploads\/2022\/06\/media-center-1536x1024.jpg 1536w, https:\/\/zamanturkmenistan.com.tm\/wp-content\/uploads\/2022\/06\/media-center-2048x1365.jpg 2048w, https:\/\/zamanturkmenistan.com.tm\/wp-content\/uploads\/2022\/06\/media-center-696x464.jpg 696w, https:\/\/zamanturkmenistan.com.tm\/wp-content\/uploads\/2022\/06\/media-center-1068x712.jpg 1068w, https:\/\/zamanturkmenistan.com.tm\/wp-content\/uploads\/2022\/06\/media-center-630x420.jpg 630w, https:\/\/zamanturkmenistan.com.tm\/wp-content\/uploads\/2022\/06\/media-center-1920x1280.jpg 1920w\" sizes=\"(max-width: 1024px) 100vw, 1024px\" \/><\/figure>\n\n\n\n<p>Hazar sammitini\u0148 wakalaryny d\u00fcn\u00fd\u00e4 jemgy\u00fdet\u00e7iligine gyzgyny bilen \u00fdetirmek \u00fc\u00e7in pa\u00fdtagtymyz A\u015fgabatdaky \u201cAr\u00e7abil\u201d myhmanhanasynda \u00fderli we da\u015fary \u00fdurtly k\u00f6p\u00e7\u00fclikle\u00fdin habar beri\u015f seri\u015fdelerini\u0148 wekilleri \u00fc\u00e7in medi\u00fda merkezi d\u00f6redildi.<\/p>\n","protected":false},"excerpt":{"rendered":"<p>E\u00fdran Yslam Respublikasyny\u0148 Prezidenti Se\u00fded Ebrahim Raisi Hazar\u00fdaka d\u00f6wletlerini\u0148 Ba\u015ftutanlaryny\u0148 VI sammitine gatna\u015fmak \u00fc\u00e7in A\u015fgabada geldi. Prezident Raisi \u015fu g\u00fcn \u00fdokary derejed\u00e4ki wekili\u00fdet bilen A\u015fgabatda ge\u00e7iriljek Hazar sammitine gatna\u015far. Prezident Ebrahim Raisini A\u015fgabady\u0148 halkara howa menzilinde Ministrler Kabinetini\u0148 Ba\u015flygyny\u0148 orunbasary, T\u00fcrkmenistany\u0148 da\u015fary i\u015fler ministri Ra\u015fid Meredow gar\u015fylady. E\u00fdrany\u0148 Prezidenti sammiti\u0148 \u00e7\u00e4klerinde o\u0148a gatna\u015f\u00fdan d\u00f6wlet Ba\u015ftutanlary [&hellip;]<\/p>\n","protected":false},"author":2,"featured_media":60690,"comment_status":"open","ping_status":"closed","sticky":false,"template":"","format":"standard","meta":{"footnotes":""},"categories":[3],"tags":[],"acf":[],"_links":{"self":[{"href":"https:\/\/zamanturkmenistan.com.tm\/index.php?rest_route=\/wp\/v2\/posts\/60664"}],"collection":[{"href":"https:\/\/zamanturkmenistan.com.tm\/index.php?rest_route=\/wp\/v2\/posts"}],"about":[{"href":"https:\/\/zamanturkmenistan.com.tm\/index.php?rest_route=\/wp\/v2\/types\/post"}],"author":[{"embeddable":true,"href":"https:\/\/zamanturkmenistan.com.tm\/index.php?rest_route=\/wp\/v2\/users\/2"}],"replies":[{"embeddable":true,"href":"https:\/\/zamanturkmenistan.com.tm\/index.php?rest_route=%2Fwp%2Fv2%2Fcomments&post=60664"}],"version-history":[{"count":2,"href":"https:\/\/zamanturkmenistan.com.tm\/index.php?rest_route=\/wp\/v2\/posts\/60664\/revisions"}],"predecessor-version":[{"id":60672,"href":"https:\/\/zamanturkmenistan.com.tm\/index.php?rest_route=\/wp\/v2\/posts\/60664\/revisions\/60672"}],"wp:featuredmedia":[{"embeddable":true,"href":"https:\/\/zamanturkmenistan.com.tm\/index.php?rest_route=\/wp\/v2\/media\/60690"}],"wp:attachment":[{"href":"https:\/\/zamanturkmenistan.com.tm\/index.php?rest_route=%2Fwp%2Fv2%2Fmedia&parent=60664"}],"wp:term":[{"taxonomy":"category","embeddable":true,"href":"https:\/\/zamanturkmenistan.com.tm\/index.php?rest_route=%2Fwp%2Fv2%2Fcategories&post=60664"},{"taxonomy":"post_tag","embeddable":true,"href":"https:\/\/zamanturkmenistan.com.tm\/index.php?rest_route=%2Fwp%2Fv2%2Ftags&post=60664"}],"curies":[{"name":"wp","href":"https:\/\/api.w.org\/{rel}","templated":true}]}}