{"id":60665,"date":"2022-06-29T11:17:37","date_gmt":"2022-06-29T06:17:37","guid":{"rendered":"https:\/\/zamanturkmenistan.com.tm\/?p=60665"},"modified":"2022-06-29T11:17:37","modified_gmt":"2022-06-29T06:17:37","slug":"g7-nin-indiki-sammiti-hirosimada-geciriler","status":"publish","type":"post","link":"https:\/\/zamanturkmenistan.com.tm\/?p=60665","title":{"rendered":"G7-ni\u0148 indiki sammiti Hirosimada ge\u00e7iriler"},"content":{"rendered":"\n<p>\u00ddaponi\u00fdany\u0148 Prem\u00fder-ministri Fumio Kisida 26-28-nji i\u00fdun aralygynda Germani\u00fdada ge\u00e7irilen uly \u00fdediligi\u0148 (G7) 48-nji sammitinde G7 liderlerini\u0148 indiki maslahatyny\u0148 2023-nji \u00fdyly\u0148 19-21-nji ma\u00fdynda Hirosimada ge\u00e7iriljekdigini m\u00e4lim etdi. Bu barada \u201cKyodo\u201d habarlar gullugy habar berdi.<\/p>\n\n\n\n<p>\u00ddaponi\u00fda i\u0148 so\u0148ky gezek 2016-njy \u00fdyly\u0148 ma\u00fd a\u00fdyny\u0148 ahyrynda Mie prefekturasynda G7 sammitini kabul etdi. So\u0148ra Hirosimada birle\u015figi\u0148 da\u015fary i\u015fler ministrlerini\u0148 maslahaty ge\u00e7irildi. \u015eol \u00fdyl bu \u015f\u00e4here Barak Obama geldi we Hirosima \u015f\u00e4herine baryp g\u00f6ren AB\u015e-ny\u0148 ilkinji Prezidenti boldy.<\/p>\n\n\n\n<p>2023-nji \u00fdylda G7-i\u0148 ba\u015flyklygy \u00ddaponi\u00fda ge\u00e7\u00fd\u00e4r. Maglumatlara g\u00f6r\u00e4, sy\u00fdasy \u00e7\u00e4r\u00e4ni\u0148 Hirosimada ge\u00e7irilmegini \u00ddaponi\u00fdany\u0148 \u00fdadro \u00fdaragsyzlanmak meselesinde i\u015fje\u0148 rol o\u00fdnamak isle\u00fd\u00e4ndigini g\u00f6rkez\u00fd\u00e4r. Mundan ba\u015fga-da, Hirosima \u00ddaponi\u00fdany\u0148 Prem\u00fder-ministri Fumio Kisidany\u0148 sa\u00fdlaw okrugydyr.<\/p>\n","protected":false},"excerpt":{"rendered":"<p>\u00ddaponi\u00fdany\u0148 Prem\u00fder-ministri Fumio Kisida 26-28-nji i\u00fdun aralygynda Germani\u00fdada ge\u00e7irilen uly \u00fdediligi\u0148 (G7) 48-nji sammitinde G7 liderlerini\u0148 indiki maslahatyny\u0148 2023-nji \u00fdyly\u0148 19-21-nji ma\u00fdynda Hirosimada ge\u00e7iriljekdigini m\u00e4lim etdi. Bu barada \u201cKyodo\u201d habarlar gullugy habar berdi. \u00ddaponi\u00fda i\u0148 so\u0148ky gezek 2016-njy \u00fdyly\u0148 ma\u00fd a\u00fdyny\u0148 ahyrynda Mie prefekturasynda G7 sammitini kabul etdi. So\u0148ra Hirosimada birle\u015figi\u0148 da\u015fary i\u015fler ministrlerini\u0148 maslahaty [&hellip;]<\/p>\n","protected":false},"author":1,"featured_media":60666,"comment_status":"open","ping_status":"closed","sticky":false,"template":"","format":"standard","meta":{"footnotes":""},"categories":[5],"tags":[],"acf":[],"_links":{"self":[{"href":"https:\/\/zamanturkmenistan.com.tm\/index.php?rest_route=\/wp\/v2\/posts\/60665"}],"collection":[{"href":"https:\/\/zamanturkmenistan.com.tm\/index.php?rest_route=\/wp\/v2\/posts"}],"about":[{"href":"https:\/\/zamanturkmenistan.com.tm\/index.php?rest_route=\/wp\/v2\/types\/post"}],"author":[{"embeddable":true,"href":"https:\/\/zamanturkmenistan.com.tm\/index.php?rest_route=\/wp\/v2\/users\/1"}],"replies":[{"embeddable":true,"href":"https:\/\/zamanturkmenistan.com.tm\/index.php?rest_route=%2Fwp%2Fv2%2Fcomments&post=60665"}],"version-history":[{"count":1,"href":"https:\/\/zamanturkmenistan.com.tm\/index.php?rest_route=\/wp\/v2\/posts\/60665\/revisions"}],"predecessor-version":[{"id":60667,"href":"https:\/\/zamanturkmenistan.com.tm\/index.php?rest_route=\/wp\/v2\/posts\/60665\/revisions\/60667"}],"wp:featuredmedia":[{"embeddable":true,"href":"https:\/\/zamanturkmenistan.com.tm\/index.php?rest_route=\/wp\/v2\/media\/60666"}],"wp:attachment":[{"href":"https:\/\/zamanturkmenistan.com.tm\/index.php?rest_route=%2Fwp%2Fv2%2Fmedia&parent=60665"}],"wp:term":[{"taxonomy":"category","embeddable":true,"href":"https:\/\/zamanturkmenistan.com.tm\/index.php?rest_route=%2Fwp%2Fv2%2Fcategories&post=60665"},{"taxonomy":"post_tag","embeddable":true,"href":"https:\/\/zamanturkmenistan.com.tm\/index.php?rest_route=%2Fwp%2Fv2%2Ftags&post=60665"}],"curies":[{"name":"wp","href":"https:\/\/api.w.org\/{rel}","templated":true}]}}