{"id":60686,"date":"2022-06-29T13:05:23","date_gmt":"2022-06-29T08:05:23","guid":{"rendered":"https:\/\/zamanturkmenistan.com.tm\/?p=60686"},"modified":"2022-06-29T13:05:24","modified_gmt":"2022-06-29T08:05:24","slug":"turkmenistanyn-milli-genesinin-halk-maslahatynyn-baslygy-azerbayjanyn-prezidenti-bilen-dususdy","status":"publish","type":"post","link":"https:\/\/zamanturkmenistan.com.tm\/?p=60686","title":{"rendered":"T\u00fcrkmenistany\u0148 Milli Ge\u0148e\u015fini\u0148 Halk Maslahatyny\u0148 Ba\u015flygy Azerba\u00fdjany\u0148\u00a0 Prezidenti bilen du\u015fu\u015fdy"},"content":{"rendered":"\n<p>\u015eu g\u00fcn T\u00fcrkmenistany\u0148 Milli Ge\u0148e\u015fini\u0148 Halk Maslahatyny\u0148 Ba\u015flygy Gurbanguly Berdimuhamedow Azerba\u00fdjan Respublikasyny\u0148 Prezidenti Ilham Ali\u00fdew bilen du\u015fu\u015fdy. Bu barada Azerba\u00fdjan Respublikasyny\u0148 Prezidentini\u0148 resmi sa\u00fdtynda habar beril\u00fd\u00e4r.<\/p>\n\n\n\n<p>M\u00e4lim bol\u015fy \u00fdaly, \u015fu g\u00fcn Azerba\u00fdjan Respublikasyny\u0148 Prezidenti Ilham Ali\u00fdew Hazar\u00fdaka d\u00f6wletlerini\u0148 Ba\u015ftutanlaryny\u0148 VI sammitine gatna\u015fmak \u00fc\u00e7in A\u015fgabada geldi.<\/p>\n","protected":false},"excerpt":{"rendered":"<p>\u015eu g\u00fcn T\u00fcrkmenistany\u0148 Milli Ge\u0148e\u015fini\u0148 Halk Maslahatyny\u0148 Ba\u015flygy Gurbanguly Berdimuhamedow Azerba\u00fdjan Respublikasyny\u0148 Prezidenti Ilham Ali\u00fdew bilen du\u015fu\u015fdy. Bu barada Azerba\u00fdjan Respublikasyny\u0148 Prezidentini\u0148 resmi sa\u00fdtynda habar beril\u00fd\u00e4r. M\u00e4lim bol\u015fy \u00fdaly, \u015fu g\u00fcn Azerba\u00fdjan Respublikasyny\u0148 Prezidenti Ilham Ali\u00fdew Hazar\u00fdaka d\u00f6wletlerini\u0148 Ba\u015ftutanlaryny\u0148 VI sammitine gatna\u015fmak \u00fc\u00e7in A\u015fgabada geldi.<\/p>\n","protected":false},"author":2,"featured_media":60687,"comment_status":"open","ping_status":"closed","sticky":false,"template":"","format":"standard","meta":{"footnotes":""},"categories":[3],"tags":[],"acf":[],"_links":{"self":[{"href":"https:\/\/zamanturkmenistan.com.tm\/index.php?rest_route=\/wp\/v2\/posts\/60686"}],"collection":[{"href":"https:\/\/zamanturkmenistan.com.tm\/index.php?rest_route=\/wp\/v2\/posts"}],"about":[{"href":"https:\/\/zamanturkmenistan.com.tm\/index.php?rest_route=\/wp\/v2\/types\/post"}],"author":[{"embeddable":true,"href":"https:\/\/zamanturkmenistan.com.tm\/index.php?rest_route=\/wp\/v2\/users\/2"}],"replies":[{"embeddable":true,"href":"https:\/\/zamanturkmenistan.com.tm\/index.php?rest_route=%2Fwp%2Fv2%2Fcomments&post=60686"}],"version-history":[{"count":1,"href":"https:\/\/zamanturkmenistan.com.tm\/index.php?rest_route=\/wp\/v2\/posts\/60686\/revisions"}],"predecessor-version":[{"id":60688,"href":"https:\/\/zamanturkmenistan.com.tm\/index.php?rest_route=\/wp\/v2\/posts\/60686\/revisions\/60688"}],"wp:featuredmedia":[{"embeddable":true,"href":"https:\/\/zamanturkmenistan.com.tm\/index.php?rest_route=\/wp\/v2\/media\/60687"}],"wp:attachment":[{"href":"https:\/\/zamanturkmenistan.com.tm\/index.php?rest_route=%2Fwp%2Fv2%2Fmedia&parent=60686"}],"wp:term":[{"taxonomy":"category","embeddable":true,"href":"https:\/\/zamanturkmenistan.com.tm\/index.php?rest_route=%2Fwp%2Fv2%2Fcategories&post=60686"},{"taxonomy":"post_tag","embeddable":true,"href":"https:\/\/zamanturkmenistan.com.tm\/index.php?rest_route=%2Fwp%2Fv2%2Ftags&post=60686"}],"curies":[{"name":"wp","href":"https:\/\/api.w.org\/{rel}","templated":true}]}}