{"id":60704,"date":"2022-06-29T14:51:45","date_gmt":"2022-06-29T09:51:45","guid":{"rendered":"https:\/\/zamanturkmenistan.com.tm\/?p=60704"},"modified":"2022-06-29T15:25:56","modified_gmt":"2022-06-29T10:25:56","slug":"turkmenistanyn-hem-de-azerbayjanyn-prezidentleri-dususdy","status":"publish","type":"post","link":"https:\/\/zamanturkmenistan.com.tm\/?p=60704","title":{"rendered":"T\u00fcrkmenistany\u0148 hem-de Azerba\u00fdjany\u0148 Prezidentleri du\u015fu\u015fdy"},"content":{"rendered":"\n<p>\u015eu g\u00fcn hormatly Prezidentimiz Serdar Berdimuhamedow \u201cArkadag\u201d myhmanhanasynda Hazar\u00fdaka d\u00f6wletlerini\u0148 Ba\u015ftutanlaryny\u0148 VI sammitine gatna\u015fmak \u00fc\u00e7in \u00fdurdumyza gelen Azerba\u00fdjan Respublikasyny\u0148 Prezidenti Ilham Aly\u00fdew bilen du\u015fu\u015fdy.<\/p>\n\n\n\n<p>S\u00f6hbetde\u015fler birek-birek bilen m\u00e4hirli salamla\u015fyp, \u00fd\u00fczbe-\u00fd\u00fcz du\u015fu\u015fykda d\u00f6wletara gatna\u015fyklaryny\u0148 ileri tutul\u00fdan meseleleri ara alyp maslahatla\u015fmaga d\u00f6redilen m\u00fcmkin\u00e7ilige kanagatlanma bildirdiler, bu gatna\u015fyklary\u0148 \u00fdola go\u00fdulmagyna \u015fu \u00fdyl 30 \u00fdyl dol\u00fdar. Bellenili\u015fi \u00fdaly, de\u0148hukuklylyk hem-de \u00f6zara b\u00e4hbitlilik \u00fd\u00f6relgelerine esaslan\u00fdan t\u00fcrkmen-azerba\u00fdan hyzmatda\u015flygy h\u00e4zirki wagtda hil ta\u00fddan t\u00e4ze many-mazmuna e\u00fde boldy.<\/p>\n\n\n\n<p>Hormatly Prezidentimiz Serdar Berdimuhamedow \u00fdurdumyzda \u00fdakyn go\u0148\u015fulary bilen ho\u015fni\u00fdetli gatna\u015fyklara sarpa go\u00fdul\u00fdandygyny nygtap, gadymy\u00fdetden medeni hem-de taryhy umumylyk birle\u015fdir\u00fd\u00e4n iki doganlyk halky\u0148 b\u00e4hbidine netijeli hyzmatda\u015flygy gi\u0148eltm\u00e4ge gyzyklanma bildiril\u00fd\u00e4ndigini tassyklady.<\/p>\n\n\n\n<p>S\u00f6hbetde\u015fler d\u00f6wletara gatna\u015fyklaryny\u0148 geljekki m\u00fcmkin\u00e7ilikleri barada pikir aly\u015fmagy\u0148 bar\u015fynda d\u00fcrli ugurlarda hyzmatda\u015flygy berkitmek \u00fc\u00e7in \u00e4girt uly kuwwaty\u0148 bardygyny kanagatlanma bilen bellediler. \u015eunu\u0148 bilen baglylykda, T\u00fcrkmenistany\u0148 we Azerba\u00fdjany\u0148 Ba\u015ftutanlary s\u00f6wda-ykdysady toplumyny, \u00fdangy\u00e7-energetika we ulag-kommunikasi\u00fda ulgamyny, oba hojalyk pudagyny, dokma, himi\u00fda senagatyny we be\u00fdlekileri ileri tutul\u00fdan ugurlary\u0148 hatarynda kesgitlediler.<\/p>\n\n\n\n<p>M\u00e4lim bol\u015fy \u00fdaly, \u015fu g\u00fcn Azerba\u00fdjan Respublikasyny\u0148 Prezidenti Ilham Ali\u00fdew Hazar\u00fdaka d\u00f6wletlerini\u0148 Ba\u015ftutanlaryny\u0148 VI sammitine gatna\u015fmak \u00fc\u00e7in A\u015fgabada geldi.<\/p>\n","protected":false},"excerpt":{"rendered":"<p>\u015eu g\u00fcn hormatly Prezidentimiz Serdar Berdimuhamedow \u201cArkadag\u201d myhmanhanasynda Hazar\u00fdaka d\u00f6wletlerini\u0148 Ba\u015ftutanlaryny\u0148 VI sammitine gatna\u015fmak \u00fc\u00e7in \u00fdurdumyza gelen Azerba\u00fdjan Respublikasyny\u0148 Prezidenti Ilham Aly\u00fdew bilen du\u015fu\u015fdy. S\u00f6hbetde\u015fler birek-birek bilen m\u00e4hirli salamla\u015fyp, \u00fd\u00fczbe-\u00fd\u00fcz du\u015fu\u015fykda d\u00f6wletara gatna\u015fyklaryny\u0148 ileri tutul\u00fdan meseleleri ara alyp maslahatla\u015fmaga d\u00f6redilen m\u00fcmkin\u00e7ilige kanagatlanma bildirdiler, bu gatna\u015fyklary\u0148 \u00fdola go\u00fdulmagyna \u015fu \u00fdyl 30 \u00fdyl dol\u00fdar. Bellenili\u015fi \u00fdaly, de\u0148hukuklylyk [&hellip;]<\/p>\n","protected":false},"author":2,"featured_media":60705,"comment_status":"open","ping_status":"closed","sticky":false,"template":"","format":"standard","meta":{"footnotes":""},"categories":[3],"tags":[],"acf":[],"_links":{"self":[{"href":"https:\/\/zamanturkmenistan.com.tm\/index.php?rest_route=\/wp\/v2\/posts\/60704"}],"collection":[{"href":"https:\/\/zamanturkmenistan.com.tm\/index.php?rest_route=\/wp\/v2\/posts"}],"about":[{"href":"https:\/\/zamanturkmenistan.com.tm\/index.php?rest_route=\/wp\/v2\/types\/post"}],"author":[{"embeddable":true,"href":"https:\/\/zamanturkmenistan.com.tm\/index.php?rest_route=\/wp\/v2\/users\/2"}],"replies":[{"embeddable":true,"href":"https:\/\/zamanturkmenistan.com.tm\/index.php?rest_route=%2Fwp%2Fv2%2Fcomments&post=60704"}],"version-history":[{"count":2,"href":"https:\/\/zamanturkmenistan.com.tm\/index.php?rest_route=\/wp\/v2\/posts\/60704\/revisions"}],"predecessor-version":[{"id":60722,"href":"https:\/\/zamanturkmenistan.com.tm\/index.php?rest_route=\/wp\/v2\/posts\/60704\/revisions\/60722"}],"wp:featuredmedia":[{"embeddable":true,"href":"https:\/\/zamanturkmenistan.com.tm\/index.php?rest_route=\/wp\/v2\/media\/60705"}],"wp:attachment":[{"href":"https:\/\/zamanturkmenistan.com.tm\/index.php?rest_route=%2Fwp%2Fv2%2Fmedia&parent=60704"}],"wp:term":[{"taxonomy":"category","embeddable":true,"href":"https:\/\/zamanturkmenistan.com.tm\/index.php?rest_route=%2Fwp%2Fv2%2Fcategories&post=60704"},{"taxonomy":"post_tag","embeddable":true,"href":"https:\/\/zamanturkmenistan.com.tm\/index.php?rest_route=%2Fwp%2Fv2%2Ftags&post=60704"}],"curies":[{"name":"wp","href":"https:\/\/api.w.org\/{rel}","templated":true}]}}