{"id":60711,"date":"2022-06-29T15:02:00","date_gmt":"2022-06-29T10:02:00","guid":{"rendered":"https:\/\/zamanturkmenistan.com.tm\/?p=60711"},"modified":"2022-06-29T15:02:00","modified_gmt":"2022-06-29T10:02:00","slug":"eyranyn-prezidenti-turkmenistanyn-milli-genesinin-halk-maslahatynyn-baslygy-bilen-dususdy","status":"publish","type":"post","link":"https:\/\/zamanturkmenistan.com.tm\/?p=60711","title":{"rendered":"E\u00fdrany\u0148 Prezidenti T\u00fcrkmenistany\u0148 Milli Ge\u0148e\u015fini\u0148 Halk Maslahatyny\u0148 Ba\u015flygy bilen du\u015fu\u015fdy"},"content":{"rendered":"\n<p>\u015eu g\u00fcn E\u00fdran Yslam Respublikasyny\u0148 Prezidenti Se\u00fded Ebrahim Raisi T\u00fcrkmenistany\u0148 Milli Ge\u0148e\u015fini\u0148 Halk Maslahatyny\u0148 Ba\u015flygy Gurbanguly Berdimuhamedow bilen du\u015fu\u015fdy.<\/p>\n\n\n\n<p>M\u00e4lim bol\u015fy \u00fdaly, \u015fu g\u00fcn E\u00fdran Yslam Respublikasyny\u0148 Prezidenti Se\u00fded Ebrahim Raisi Hazar\u00fdaka d\u00f6wletlerini\u0148 Ba\u015ftutanlaryny\u0148 VI sammitine gatna\u015fmak \u00fc\u00e7in A\u015fgabada geldi.<\/p>\n","protected":false},"excerpt":{"rendered":"<p>\u015eu g\u00fcn E\u00fdran Yslam Respublikasyny\u0148 Prezidenti Se\u00fded Ebrahim Raisi T\u00fcrkmenistany\u0148 Milli Ge\u0148e\u015fini\u0148 Halk Maslahatyny\u0148 Ba\u015flygy Gurbanguly Berdimuhamedow bilen du\u015fu\u015fdy. M\u00e4lim bol\u015fy \u00fdaly, \u015fu g\u00fcn E\u00fdran Yslam Respublikasyny\u0148 Prezidenti Se\u00fded Ebrahim Raisi Hazar\u00fdaka d\u00f6wletlerini\u0148 Ba\u015ftutanlaryny\u0148 VI sammitine gatna\u015fmak \u00fc\u00e7in A\u015fgabada geldi.<\/p>\n","protected":false},"author":2,"featured_media":60712,"comment_status":"open","ping_status":"closed","sticky":false,"template":"","format":"standard","meta":{"footnotes":""},"categories":[3],"tags":[],"acf":[],"_links":{"self":[{"href":"https:\/\/zamanturkmenistan.com.tm\/index.php?rest_route=\/wp\/v2\/posts\/60711"}],"collection":[{"href":"https:\/\/zamanturkmenistan.com.tm\/index.php?rest_route=\/wp\/v2\/posts"}],"about":[{"href":"https:\/\/zamanturkmenistan.com.tm\/index.php?rest_route=\/wp\/v2\/types\/post"}],"author":[{"embeddable":true,"href":"https:\/\/zamanturkmenistan.com.tm\/index.php?rest_route=\/wp\/v2\/users\/2"}],"replies":[{"embeddable":true,"href":"https:\/\/zamanturkmenistan.com.tm\/index.php?rest_route=%2Fwp%2Fv2%2Fcomments&post=60711"}],"version-history":[{"count":1,"href":"https:\/\/zamanturkmenistan.com.tm\/index.php?rest_route=\/wp\/v2\/posts\/60711\/revisions"}],"predecessor-version":[{"id":60713,"href":"https:\/\/zamanturkmenistan.com.tm\/index.php?rest_route=\/wp\/v2\/posts\/60711\/revisions\/60713"}],"wp:featuredmedia":[{"embeddable":true,"href":"https:\/\/zamanturkmenistan.com.tm\/index.php?rest_route=\/wp\/v2\/media\/60712"}],"wp:attachment":[{"href":"https:\/\/zamanturkmenistan.com.tm\/index.php?rest_route=%2Fwp%2Fv2%2Fmedia&parent=60711"}],"wp:term":[{"taxonomy":"category","embeddable":true,"href":"https:\/\/zamanturkmenistan.com.tm\/index.php?rest_route=%2Fwp%2Fv2%2Fcategories&post=60711"},{"taxonomy":"post_tag","embeddable":true,"href":"https:\/\/zamanturkmenistan.com.tm\/index.php?rest_route=%2Fwp%2Fv2%2Ftags&post=60711"}],"curies":[{"name":"wp","href":"https:\/\/api.w.org\/{rel}","templated":true}]}}