{"id":60714,"date":"2022-06-29T15:20:52","date_gmt":"2022-06-29T10:20:52","guid":{"rendered":"https:\/\/zamanturkmenistan.com.tm\/?p=60714"},"modified":"2022-06-29T15:24:40","modified_gmt":"2022-06-29T10:24:40","slug":"turkmenistanyn-prezidentinin-eyran-yslam-respublikasynyn-prezidenti-bilen-dususdy","status":"publish","type":"post","link":"https:\/\/zamanturkmenistan.com.tm\/?p=60714","title":{"rendered":"T\u00fcrkmenistany\u0148 Prezidenti E\u00fdran Yslam Respublikasyny\u0148 Prezidenti bilen du\u015fu\u015fdy"},"content":{"rendered":"\n<p>\u015eu g\u00fcn hormatly Prezidentimiz Serdar Berdimuhamedow Hazar\u00fdaka d\u00f6wletlerini\u0148 Ba\u015ftutanlaryny\u0148 VI Sammitine gatna\u015fmak \u00fc\u00e7in \u00fdurdumyza gelen E\u00fdran Yslam Respublikasyny\u0148 Prezidenti Se\u00fded Ebrahim Raisi bilen du\u015fu\u015fdy.<\/p>\n\n\n\n<p>S\u00f6hbetde\u015fler m\u00e4hirli salamla\u015fyp, h\u00e4zirki d\u00f6w\u00fcrde t\u00e4ze many-mazmuna e\u00fde bolan d\u00f6wletara gatna\u015fyklaryny\u0148 netijeli h\u00e4si\u00fdetini kanagatlanma bilen bellediler. Hormatly Prezidentimizi\u0148 \u00fdakynda E\u00fdran Yslam Respublikasyna amala a\u015fyran resmi saparyny\u0148 dowamynda gazanylan ylala\u015fyklar munu\u0148 a\u00fddy\u0148 subutnamasydyr.<\/p>\n\n\n\n<p>Nygtaly\u015fy \u00fdaly, umumy taryhy we medeni k\u00f6kler hem-de \u00e7\u00e4k ta\u00fddan \u00fdakynlygy bilen bagla\u015fylan d\u00f6wletlerimiz onlar\u00e7a amala a\u015fyrylan we me\u00fdille\u015fdirilen bilelikd\u00e4ki taslamalara e\u00fde bolan \u00f6zara b\u00e4hbitli hyzmatda\u015flygy\u0148 \u00e4girt uly kuwwatyny durmu\u015fa ge\u00e7ir\u00fd\u00e4rler. Taraplar ynany\u015fmak we \u00f6zara hormat go\u00fdmak h\u00e4si\u00fdetleri bilen tapawutlan\u00fdan hyzmatda\u015flygy\u0148 geljegi barada a\u00fdtmak bilen, \u00e4hli ugurlar bo\u00fdun\u00e7a ikitarapla\u00fdyn gatna\u015fyklary\u0148 pugtalandyrylmagyny maksat edin\u00fd\u00e4ndiklerini bellediler.<\/p>\n\n\n\n<p>\u015eunu\u0148 bilen birlikde, \u00f6zara b\u00e4hbitli gatna\u015fyklary \u00f6sd\u00fcrmek bo\u00fdun\u00e7a me\u00fdille\u015fdirilen i\u015fleri\u0148 amala a\u015fyrylmagyny\u0148 h\u00e4zirki d\u00f6w\u00fcrde t\u00e4ze derejelere \u00e7yk\u00fdan s\u00f6wda-ykdysady d\u00f6wletara hyzmatda\u015flygyny\u0148 mundan be\u00fdl\u00e4k-de gi\u0148eldilmegine g\u00f6n\u00fcden-g\u00f6ni \u00fdardam berjekdigi bellenildi. Gaz we ektroenergetika ulgamlary, ulag we aragatna\u015fyk, gurlu\u015fyk, oba hojalygy, sy\u00fdahat\u00e7ylyk we be\u00fdleki pudaklar d\u00f6wletara gatna\u015fyklaryny\u0148 ileri tutul\u00fdan ugurlary h\u00f6km\u00fcnde kesgitlenildi. \u015eunda ikitarapla\u00fdyn gatna\u015fyklary \u00fdygjamla\u015fdyrmakda H\u00f6k\u00fcmetara t\u00fcrkmen-e\u00fdran toparyny\u0148 i\u015fini\u0148 \u00e4hmi\u00fdetine \u00fcns \u00e7ekildi.<\/p>\n\n\n\n<p>Iki go\u0148\u015fy d\u00f6wleti\u0148 Ba\u015ftutanlary netijeli ynsanperwer gatna\u015fyklaryny h\u00f6weslendirmegi\u0148 wajypdygyny nygtap, bilim, ylym we medeni\u00fdet ulgamlarynda d\u00e4p bolan gatna\u015fyklary \u00f6sd\u00fcrmegi\u0148, \u015fe\u00fdle hem bilelikd\u00e4ki \u00e7\u00e4releri guramak tejribesini dowam etdirmegi\u0148 tarapynda \u00e7yky\u015f etdiler.<\/p>\n","protected":false},"excerpt":{"rendered":"<p>\u015eu g\u00fcn hormatly Prezidentimiz Serdar Berdimuhamedow Hazar\u00fdaka d\u00f6wletlerini\u0148 Ba\u015ftutanlaryny\u0148 VI Sammitine gatna\u015fmak \u00fc\u00e7in \u00fdurdumyza gelen E\u00fdran Yslam Respublikasyny\u0148 Prezidenti Se\u00fded Ebrahim Raisi bilen du\u015fu\u015fdy. S\u00f6hbetde\u015fler m\u00e4hirli salamla\u015fyp, h\u00e4zirki d\u00f6w\u00fcrde t\u00e4ze many-mazmuna e\u00fde bolan d\u00f6wletara gatna\u015fyklaryny\u0148 netijeli h\u00e4si\u00fdetini kanagatlanma bilen bellediler. Hormatly Prezidentimizi\u0148 \u00fdakynda E\u00fdran Yslam Respublikasyna amala a\u015fyran resmi saparyny\u0148 dowamynda gazanylan ylala\u015fyklar munu\u0148 a\u00fddy\u0148 [&hellip;]<\/p>\n","protected":false},"author":2,"featured_media":60715,"comment_status":"open","ping_status":"closed","sticky":false,"template":"","format":"standard","meta":{"footnotes":""},"categories":[3],"tags":[],"acf":[],"_links":{"self":[{"href":"https:\/\/zamanturkmenistan.com.tm\/index.php?rest_route=\/wp\/v2\/posts\/60714"}],"collection":[{"href":"https:\/\/zamanturkmenistan.com.tm\/index.php?rest_route=\/wp\/v2\/posts"}],"about":[{"href":"https:\/\/zamanturkmenistan.com.tm\/index.php?rest_route=\/wp\/v2\/types\/post"}],"author":[{"embeddable":true,"href":"https:\/\/zamanturkmenistan.com.tm\/index.php?rest_route=\/wp\/v2\/users\/2"}],"replies":[{"embeddable":true,"href":"https:\/\/zamanturkmenistan.com.tm\/index.php?rest_route=%2Fwp%2Fv2%2Fcomments&post=60714"}],"version-history":[{"count":2,"href":"https:\/\/zamanturkmenistan.com.tm\/index.php?rest_route=\/wp\/v2\/posts\/60714\/revisions"}],"predecessor-version":[{"id":60720,"href":"https:\/\/zamanturkmenistan.com.tm\/index.php?rest_route=\/wp\/v2\/posts\/60714\/revisions\/60720"}],"wp:featuredmedia":[{"embeddable":true,"href":"https:\/\/zamanturkmenistan.com.tm\/index.php?rest_route=\/wp\/v2\/media\/60715"}],"wp:attachment":[{"href":"https:\/\/zamanturkmenistan.com.tm\/index.php?rest_route=%2Fwp%2Fv2%2Fmedia&parent=60714"}],"wp:term":[{"taxonomy":"category","embeddable":true,"href":"https:\/\/zamanturkmenistan.com.tm\/index.php?rest_route=%2Fwp%2Fv2%2Fcategories&post=60714"},{"taxonomy":"post_tag","embeddable":true,"href":"https:\/\/zamanturkmenistan.com.tm\/index.php?rest_route=%2Fwp%2Fv2%2Ftags&post=60714"}],"curies":[{"name":"wp","href":"https:\/\/api.w.org\/{rel}","templated":true}]}}