{"id":60987,"date":"2022-07-08T11:38:06","date_gmt":"2022-07-08T06:38:06","guid":{"rendered":"https:\/\/zamanturkmenistan.com.tm\/?p=60987"},"modified":"2022-07-08T11:38:06","modified_gmt":"2022-07-08T06:38:06","slug":"turkmenistan-we-yhhg-ustunlikli-hyzmatdaslyga-30-yyl","status":"publish","type":"post","link":"https:\/\/zamanturkmenistan.com.tm\/?p=60987","title":{"rendered":"T\u00fcrkmenistan we \u00ddHHG: \u00fcst\u00fcnlikli hyzmatda\u015flyga 30 \u00fdyl"},"content":{"rendered":"<p>7-nji i\u00fdulda A\u015fgabatda &amp;quot;T\u00fcrkmenistan we \u00ddHHG: \u00fcst\u00fcnlikli hyzmatda\u015flyga 30 \u00fdyl&amp;quot; atly maslahat ge\u00e7irildi.<br \/>\nMaslahat, T\u00fcrkmenistany\u0148 Da\u015fary i\u015fler ministrligini\u0148 goldawy bilen \u00ddHHG-ny\u0148 A\u015fgabatdaky merkezi tarapyndan<br \/>\ngurnaldy.<br \/>\nMaslahata \u00fdurdumyzy\u0148 ministrliklerini\u0148, edaralary\u0148 we guramalary\u0148, \u00fdokary okuw mekdeplerini\u0148 \u015fe\u00fdle hem habar<br \/>\nberi\u015f seri\u015fdelerini\u0148 wekilleri gatna\u015fdylar.<br \/>\nMaslahaty\u0148 a\u00e7yly\u015fynda T\u00fcrkmenistany\u0148 Ministrler Kabinetini\u0148 Ba\u015flygyny\u0148 Orunbasary, Da\u015fary i\u015fler ministri Ra\u015fid<br \/>\nMeredow Guramany\u0148 \u00fc\u00e7 \u00f6l\u00e7egi bilen baglany\u015fykly T\u00fcrkmenistany\u0148 e\u00fdele\u00fd\u00e4n ornuny we gara\u00fdy\u015flaryny be\u00fdan etdi.<br \/>\n\u00c7yky\u015fda, \u00ddHHG-ny\u0148 d\u00fcz\u00fcminde howpsuzlyk derejesini saklamagy\u0148 m\u00f6h\u00fcm ugurlaryny, \u00f6zara ynamy<br \/>\n\u00fdokarlandyrmak we halklary\u0148 arasyndaky d\u00fcrli medeni\u00fdetleri\u0148 we siwilizasi\u00fdalary\u0148 \u00f6zara gatna\u015fyklaryny we<br \/>\ngeple\u015fikleri \u00f6sd\u00fcrmek nygtaldy.<br \/>\n\u00ddHHG-ny\u0148 Ba\u015f sekretary Helga \u015emid maslahata gatna\u015fyjylara eden wideo \u00fd\u00fczlenmesinde: &amp;quot;Bu, \u00ddHHG bilen<br \/>\nT\u00fcrkmenistany\u0148 arasyndaky\u00a0 hyzmatda\u015flygy\u0148\u00a0 anyk sepgitlerini bellem\u00e4ge we geljegine\u00a0 seretm\u00e4ge amatly pursat&amp;quot;<br \/>\n\u2013 di\u00fdip belledi.<\/p>\n<p><a href=\"https:\/\/zamanturkmenistan.com.tm\/wp-content\/uploads\/2022\/07\/baslyk.jpg\"><img decoding=\"async\" loading=\"lazy\" class=\"aligncenter size-full wp-image-60988\" src=\"https:\/\/zamanturkmenistan.com.tm\/wp-content\/uploads\/2022\/07\/baslyk.jpg\" alt=\"\" width=\"700\" height=\"480\" srcset=\"https:\/\/zamanturkmenistan.com.tm\/wp-content\/uploads\/2022\/07\/baslyk.jpg 700w, https:\/\/zamanturkmenistan.com.tm\/wp-content\/uploads\/2022\/07\/baslyk-300x206.jpg 300w, https:\/\/zamanturkmenistan.com.tm\/wp-content\/uploads\/2022\/07\/baslyk-100x70.jpg 100w, https:\/\/zamanturkmenistan.com.tm\/wp-content\/uploads\/2022\/07\/baslyk-218x150.jpg 218w, https:\/\/zamanturkmenistan.com.tm\/wp-content\/uploads\/2022\/07\/baslyk-436x300.jpg 436w, https:\/\/zamanturkmenistan.com.tm\/wp-content\/uploads\/2022\/07\/baslyk-696x477.jpg 696w, https:\/\/zamanturkmenistan.com.tm\/wp-content\/uploads\/2022\/07\/baslyk-613x420.jpg 613w\" sizes=\"(max-width: 700px) 100vw, 700px\" \/><\/a><br \/>\n\u015ee\u00fdle hem, ol sebitde hyzmatda\u015flygy pugtalandyrmak we Hazar de\u0148zini\u0148 \u00fcsti bilen ykdysady gatna\u015fyklary<br \/>\n\u00f6sd\u00fcrmek arkaly T\u00fcrkmenistany\u0148 \u00ddHHG-ny\u0148 sebitinde parahat\u00e7ylygy we howpsuzlygy \u00fcpj\u00fcn etmek ugrundaky<br \/>\ntagallalaryna we go\u015f\u00fdan go\u015fandyna \u00fdokary baha berdi.<br \/>\n\u00ddHHG-ny\u0148 A\u015fgabatdaky merkezini\u0148 ba\u015flygy Jon MakGregor: &amp;quot;\u00ddHHG bilen T\u00fcrkmenistany\u0148 arasyndaky<br \/>\nhyzmatda\u015flyk so\u0148ky \u00fc\u00e7 on\u00fdyllykda uzak \u00fdol ge\u00e7di, \u00fd\u00f6ne T\u00fcrkmenistany\u0148 we \u00ddHHG-ny\u0148 \u00e4hli sebiti \u00fc\u00e7in pe\u00fddaly<br \/>\ngeple\u015fiklerimizi dowam etdirmek we berkitmek \u00fc\u00e7in uly m\u00fcmkin\u00e7ilikler bardyr&amp;quot;, di\u00fdip a\u00fddylanlary\u0148 \u00fcst\u00fcni \u00fdetirdi.<br \/>\nMaslahaty\u0148 plenar mejlislerinde howpsuzlyk, ekstremizme we transmilli howplara gar\u015fy g\u00f6re\u015f, ekologi\u00fda we da\u015fky<br \/>\ngur\u015fawy goramak, gender de\u0148ligi, maglumat we aragatna\u015fyk tehnologi\u00fdalaryny\u0148 howpsuzlygy \u00fdaly meseleler we<br \/>\nbe\u00fdlekiler ara alnyp maslahatla\u015fyldy.<\/p>\n","protected":false},"excerpt":{"rendered":"<p>7-nji i\u00fdulda A\u015fgabatda &amp;quot;T\u00fcrkmenistan we \u00ddHHG: \u00fcst\u00fcnlikli hyzmatda\u015flyga 30 \u00fdyl&amp;quot; atly maslahat ge\u00e7irildi. Maslahat, T\u00fcrkmenistany\u0148 Da\u015fary i\u015fler ministrligini\u0148 goldawy bilen \u00ddHHG-ny\u0148 A\u015fgabatdaky merkezi tarapyndan gurnaldy. Maslahata \u00fdurdumyzy\u0148 ministrliklerini\u0148, edaralary\u0148 we guramalary\u0148, \u00fdokary okuw mekdeplerini\u0148 \u015fe\u00fdle hem habar beri\u015f seri\u015fdelerini\u0148 wekilleri gatna\u015fdylar. Maslahaty\u0148 a\u00e7yly\u015fynda T\u00fcrkmenistany\u0148 Ministrler Kabinetini\u0148 Ba\u015flygyny\u0148 Orunbasary, Da\u015fary i\u015fler ministri Ra\u015fid Meredow Guramany\u0148 \u00fc\u00e7 [&hellip;]<\/p>\n","protected":false},"author":1,"featured_media":60989,"comment_status":"open","ping_status":"closed","sticky":false,"template":"","format":"standard","meta":{"footnotes":""},"categories":[5],"tags":[],"acf":[],"_links":{"self":[{"href":"https:\/\/zamanturkmenistan.com.tm\/index.php?rest_route=\/wp\/v2\/posts\/60987"}],"collection":[{"href":"https:\/\/zamanturkmenistan.com.tm\/index.php?rest_route=\/wp\/v2\/posts"}],"about":[{"href":"https:\/\/zamanturkmenistan.com.tm\/index.php?rest_route=\/wp\/v2\/types\/post"}],"author":[{"embeddable":true,"href":"https:\/\/zamanturkmenistan.com.tm\/index.php?rest_route=\/wp\/v2\/users\/1"}],"replies":[{"embeddable":true,"href":"https:\/\/zamanturkmenistan.com.tm\/index.php?rest_route=%2Fwp%2Fv2%2Fcomments&post=60987"}],"version-history":[{"count":1,"href":"https:\/\/zamanturkmenistan.com.tm\/index.php?rest_route=\/wp\/v2\/posts\/60987\/revisions"}],"predecessor-version":[{"id":60990,"href":"https:\/\/zamanturkmenistan.com.tm\/index.php?rest_route=\/wp\/v2\/posts\/60987\/revisions\/60990"}],"wp:featuredmedia":[{"embeddable":true,"href":"https:\/\/zamanturkmenistan.com.tm\/index.php?rest_route=\/wp\/v2\/media\/60989"}],"wp:attachment":[{"href":"https:\/\/zamanturkmenistan.com.tm\/index.php?rest_route=%2Fwp%2Fv2%2Fmedia&parent=60987"}],"wp:term":[{"taxonomy":"category","embeddable":true,"href":"https:\/\/zamanturkmenistan.com.tm\/index.php?rest_route=%2Fwp%2Fv2%2Fcategories&post=60987"},{"taxonomy":"post_tag","embeddable":true,"href":"https:\/\/zamanturkmenistan.com.tm\/index.php?rest_route=%2Fwp%2Fv2%2Ftags&post=60987"}],"curies":[{"name":"wp","href":"https:\/\/api.w.org\/{rel}","templated":true}]}}