{"id":61433,"date":"2022-07-20T15:07:55","date_gmt":"2022-07-20T10:07:55","guid":{"rendered":"https:\/\/zamanturkmenistan.com.tm\/?p=61433"},"modified":"2022-07-20T15:07:55","modified_gmt":"2022-07-20T10:07:55","slug":"sri-lankanyn-taze-prezidenti-belli-boldy","status":"publish","type":"post","link":"https:\/\/zamanturkmenistan.com.tm\/?p=61433","title":{"rendered":"\u015eri-Lankany\u0148 t\u00e4ze Prezidenti belli boldy"},"content":{"rendered":"\n<p>20-nji i\u00fdulda wagtla\u00fdyn d\u00f6wlet ba\u015ftutany wezipesini \u00fderine \u00fdetir\u00fd\u00e4n h\u00e4zirki Prem\u00fder-ministr Ranil Wikramasinghe \u015eri-Lankany\u0148 t\u00e4ze Prezidenti wezipesine sa\u00fdlandy.<\/p>\n\n\n\n<p>Ol parlamentd\u00e4ki ses beri\u015fligi\u0148 netijelerine g\u00f6r\u00e4, \u015eri-Lanka Demokratik Sosialistik Respublikasyny\u0148 sekizinji Prezidenti boljakdygy habar berildi.<\/p>\n\n\n\n<p>15-nji i\u00fdulda \u015eri-Lankany\u0148 deputaty Mahinda \u00ddapa Abeiwardena, Prezident Gotaba\u00fd Rajapaksany\u0148 wezipesinden resmi ta\u00fddan \u00e7ekilendigini habar berdi.<\/p>\n","protected":false},"excerpt":{"rendered":"<p>20-nji i\u00fdulda wagtla\u00fdyn d\u00f6wlet ba\u015ftutany wezipesini \u00fderine \u00fdetir\u00fd\u00e4n h\u00e4zirki Prem\u00fder-ministr Ranil Wikramasinghe \u015eri-Lankany\u0148 t\u00e4ze Prezidenti wezipesine sa\u00fdlandy. Ol parlamentd\u00e4ki ses beri\u015fligi\u0148 netijelerine g\u00f6r\u00e4, \u015eri-Lanka Demokratik Sosialistik Respublikasyny\u0148 sekizinji Prezidenti boljakdygy habar berildi. 15-nji i\u00fdulda \u015eri-Lankany\u0148 deputaty Mahinda \u00ddapa Abeiwardena, Prezident Gotaba\u00fd Rajapaksany\u0148 wezipesinden resmi ta\u00fddan \u00e7ekilendigini habar berdi.<\/p>\n","protected":false},"author":2,"featured_media":61434,"comment_status":"open","ping_status":"closed","sticky":false,"template":"","format":"standard","meta":{"footnotes":""},"categories":[5],"tags":[],"acf":[],"_links":{"self":[{"href":"https:\/\/zamanturkmenistan.com.tm\/index.php?rest_route=\/wp\/v2\/posts\/61433"}],"collection":[{"href":"https:\/\/zamanturkmenistan.com.tm\/index.php?rest_route=\/wp\/v2\/posts"}],"about":[{"href":"https:\/\/zamanturkmenistan.com.tm\/index.php?rest_route=\/wp\/v2\/types\/post"}],"author":[{"embeddable":true,"href":"https:\/\/zamanturkmenistan.com.tm\/index.php?rest_route=\/wp\/v2\/users\/2"}],"replies":[{"embeddable":true,"href":"https:\/\/zamanturkmenistan.com.tm\/index.php?rest_route=%2Fwp%2Fv2%2Fcomments&post=61433"}],"version-history":[{"count":1,"href":"https:\/\/zamanturkmenistan.com.tm\/index.php?rest_route=\/wp\/v2\/posts\/61433\/revisions"}],"predecessor-version":[{"id":61435,"href":"https:\/\/zamanturkmenistan.com.tm\/index.php?rest_route=\/wp\/v2\/posts\/61433\/revisions\/61435"}],"wp:featuredmedia":[{"embeddable":true,"href":"https:\/\/zamanturkmenistan.com.tm\/index.php?rest_route=\/wp\/v2\/media\/61434"}],"wp:attachment":[{"href":"https:\/\/zamanturkmenistan.com.tm\/index.php?rest_route=%2Fwp%2Fv2%2Fmedia&parent=61433"}],"wp:term":[{"taxonomy":"category","embeddable":true,"href":"https:\/\/zamanturkmenistan.com.tm\/index.php?rest_route=%2Fwp%2Fv2%2Fcategories&post=61433"},{"taxonomy":"post_tag","embeddable":true,"href":"https:\/\/zamanturkmenistan.com.tm\/index.php?rest_route=%2Fwp%2Fv2%2Ftags&post=61433"}],"curies":[{"name":"wp","href":"https:\/\/api.w.org\/{rel}","templated":true}]}}