{"id":61531,"date":"2022-07-21T20:17:22","date_gmt":"2022-07-21T15:17:22","guid":{"rendered":"https:\/\/zamanturkmenistan.com.tm\/?p=61531"},"modified":"2022-07-21T20:17:22","modified_gmt":"2022-07-21T15:17:22","slug":"arzan-bahaly-elektroulag-ondurer","status":"publish","type":"post","link":"https:\/\/zamanturkmenistan.com.tm\/?p=61531","title":{"rendered":"Ar\u00adzan ba\u00adha\u00adly elekt\u00adrou\u00adlag \u00f6n\u00add\u00fc\u00adrer"},"content":{"rendered":"\n<p>Go\u00adla\u00fd\u00adda \u00abIoniq\u00bb ula\u00adgy\u00adny\u0148 elekt\u00adrik ener\u00adgi\u00ad\u00fda\u00adsy bi\u00adlen i\u015f\u00adle\u00ad\u00fd\u00e4n g\u00f6r\u00adn\u00fc\u00ad\u015fi\u00adni (\u00abIoniq 6\u00bb) ta\u00adny\u015f\u00addy\u00adran \u00abHy\u00adun\u00addai\u00bb kom\u00adpa\u00adni\u00ad\u00fda\u00adsy 2024-nji \u00fdyl\u00adda \u00abIoniq 7\u00bb at\u00adly has uly ula\u00adgy ta\u00fd\u00ad\u00fdar eder. Ko\u00adre\u00fd bren\u00addi\u00adni\u0148 has ki\u00ad\u00e7i, ar\u00adzan ba\u00adha\u00adly elekt\u00adrou\u00adlag \u00f6n\u00add\u00fcr\u00adme\u00adgi mak\u00adsat edin\u00ad\u00fd\u00e4n\u00addi\u00adgi hem ha\u00adbar be\u00adril\u00addi. \u00abHy\u00adun\u00addai Mo\u00adtor\u00bb kom\u00adpa\u00adni\u00ad\u00fda\u00adsy\u00adny\u0148 \u00ddew\u00adro\u00adpa ba\u00adza\u00adry bo\u00ad\u00fdun\u00ad\u00e7a \u00fdol\u00adba\u015f\u00ad\u00e7y\u00adsy And\u00adre\u00adas-Kris\u00adtof Hof\u00admann ki\u00ad\u00e7i g\u00f6w\u00adr\u00fcm\u00adli bu ula\u00adgy\u0148 ba\u00adha\u00adsy\u00adny\u0148 20 m\u00fc\u0148 \u00fdew\u00adro t\u00f6\u00adwe\u00adre\u00adgi bol\u00adma\u00adgy\u00adna ga\u00adra\u00ad\u015fyl\u00ad\u00fdan\u00addy\u00adgy\u00adny a\u00fdt\u00addy. Bu ulag h\u00e4\u00adzir\u00adki elekt\u00adrou\u00adlag\u00adla\u00adry\u0148 k\u00f6\u00adp\u00fc\u00adsin\u00adden ar\u00adzan we ki\u00ad\u00e7i g\u00f6w\u00adr\u00fcm\u00adli bo\u00adlar. Hof\u00admann do\u00adlu\u00adly\u00adgy\u00adna elekt\u00adrik ener\u00adgi\u00ad\u00fda\u00adsy bi\u00adlen i\u015f\u00adle\u00ad\u00fd\u00e4n ki\u00ad\u00e7i g\u00f6w\u00adr\u00fcm\u00adli ulag\u00adla\u00adry\u0148 gir\u00adde\u00adji ba\u00adbat\u00adda amat\u00adly d\u00e4l\u00addi\u00adgi\u00adne \u00fcn\u00adsi \u00e7e\u00adkip, \u015fol se\u00adb\u00e4p\u00adli \u00abHy\u00adun\u00addai\u00bb-y\u0148 \u00abIoniq\u00bb mo\u00addel\u00adle\u00adri\u00adne \u00e4h\u00admi\u00ad\u00fdet ber\u00ad\u00fd\u00e4n\u00addi\u00adgi\u00adni a\u00fdt\u00addy. Bu ulag\u00adlar uly g\u00f6w\u00adr\u00fcm\u00adli bol\u00adma\u00adgy bi\u00adlen ta\u00adpa\u00adwut\u00adlan\u00ad\u00fdar. \u00dc\u00e7 ha\u00adtar otur\u00adgy\u00adjy bol\u00adjak \u00abIoniq 7\u00bb ula\u00adgy\u00adny\u0148 2024-nji \u00fdyl\u00adda sa\u00adtu\u00adwa \u00e7y\u00adka\u00adryl\u00adma\u00adgy\u00adna ga\u00adra\u00ad\u015fyl\u00ad\u00fdar.<br>\u00abHy\u00adun\u00addai\u00bb kom\u00adpa\u00adni\u00ad\u00fda\u00adsy d\u00fcr\u00adli g\u00f6w\u00adr\u00fcm\u00add\u00e4\u00adki elekt\u00adrou\u00adlag\u00adla\u00adry\u0148 \u00f6n\u00fcm\u00ad\u00e7i\u00adli\u00adgi\u00adne \u00fcns ber\u00adme\u00adgi\u00adni do\u00adwam et\u00addi\u00adrer. Kom\u00adpa\u00adni\u00ad\u00fda 2030-njy \u00fdy\u00adla \u00e7en\u00adli azyn\u00addan 11 sa\u00adny elekt\u00adrou\u00adlag mo\u00adde\u00adli\u00adni\u0148 \u00f6n\u00fcm\u00ad\u00e7i\u00adli\u00adgi\u00adni \u00fdo\u00adla go\u00ad\u00fdar. \u015eu \u00fdy\u00adly\u0148 bi\u00adrin\u00adji \u00fda\u00adry\u00admyn\u00adda ko\u00adre\u00fd bren\u00addi\u00adni\u0148 \u00ddew\u00adro\u00adpa\u00adda\u00adky sa\u00adtu\u00adwy\u00adny\u0148 16 g\u00f6\u00adte\u00adri\u00admi\u00adni elekt\u00adrou\u00adlag\u00adlar eme\u00adle ge\u00adti\u00adrip\u00addir. \u00dde\u00adri ge\u00adlen\u00adde bel\u00adle\u00adsek, \u00abVolks\u00adwa\u00adgen\u00bb to\u00adpa\u00adry\u00adny\u0148 hem \u015fe\u00fd\u00adle mak\u00adsa\u00addy bar. Ne\u00admes \u00f6n\u00add\u00fc\u00adri\u00adji\u00adsi \u00abVolks\u00adwa\u00adgen\u00bb, \u00abSko\u00adda\u00bb we \u00abCup\u00adra\u00bb brend\u00adle\u00adri as\u00adtyn\u00adda elekt\u00adrou\u00adlag \u00f6n\u00add\u00fc\u00adrer. Bi\u00adler\u00admen\u00adler 2025-nji \u00fdyl\u00addan ba\u015f\u00adlap, elekt\u00adrou\u00adlag ba\u00adza\u00adryn\u00adda\u00adky b\u00e4s\u00adde\u015f\u00adli\u00adgi\u0148 has-da \u00fdi\u00adti\u00adle\u015f\u00adjek\u00addi\u00adgi\u00adni bel\u00adle\u00ad\u00fd\u00e4r\u00adler.<\/p>\n","protected":false},"excerpt":{"rendered":"<p>Go\u00adla\u00fd\u00adda \u00abIoniq\u00bb ula\u00adgy\u00adny\u0148 elekt\u00adrik ener\u00adgi\u00ad\u00fda\u00adsy bi\u00adlen i\u015f\u00adle\u00ad\u00fd\u00e4n g\u00f6r\u00adn\u00fc\u00ad\u015fi\u00adni (\u00abIoniq 6\u00bb) ta\u00adny\u015f\u00addy\u00adran \u00abHy\u00adun\u00addai\u00bb kom\u00adpa\u00adni\u00ad\u00fda\u00adsy 2024-nji \u00fdyl\u00adda \u00abIoniq 7\u00bb at\u00adly has uly ula\u00adgy ta\u00fd\u00ad\u00fdar eder. Ko\u00adre\u00fd bren\u00addi\u00adni\u0148 has ki\u00ad\u00e7i, ar\u00adzan ba\u00adha\u00adly elekt\u00adrou\u00adlag \u00f6n\u00add\u00fcr\u00adme\u00adgi mak\u00adsat edin\u00ad\u00fd\u00e4n\u00addi\u00adgi hem ha\u00adbar be\u00adril\u00addi. \u00abHy\u00adun\u00addai Mo\u00adtor\u00bb kom\u00adpa\u00adni\u00ad\u00fda\u00adsy\u00adny\u0148 \u00ddew\u00adro\u00adpa ba\u00adza\u00adry bo\u00ad\u00fdun\u00ad\u00e7a \u00fdol\u00adba\u015f\u00ad\u00e7y\u00adsy And\u00adre\u00adas-Kris\u00adtof Hof\u00admann ki\u00ad\u00e7i g\u00f6w\u00adr\u00fcm\u00adli bu ula\u00adgy\u0148 ba\u00adha\u00adsy\u00adny\u0148 20 m\u00fc\u0148 \u00fdew\u00adro t\u00f6\u00adwe\u00adre\u00adgi bol\u00adma\u00adgy\u00adna [&hellip;]<\/p>\n","protected":false},"author":2,"featured_media":61533,"comment_status":"open","ping_status":"closed","sticky":false,"template":"","format":"standard","meta":{"footnotes":""},"categories":[8],"tags":[],"acf":[],"_links":{"self":[{"href":"https:\/\/zamanturkmenistan.com.tm\/index.php?rest_route=\/wp\/v2\/posts\/61531"}],"collection":[{"href":"https:\/\/zamanturkmenistan.com.tm\/index.php?rest_route=\/wp\/v2\/posts"}],"about":[{"href":"https:\/\/zamanturkmenistan.com.tm\/index.php?rest_route=\/wp\/v2\/types\/post"}],"author":[{"embeddable":true,"href":"https:\/\/zamanturkmenistan.com.tm\/index.php?rest_route=\/wp\/v2\/users\/2"}],"replies":[{"embeddable":true,"href":"https:\/\/zamanturkmenistan.com.tm\/index.php?rest_route=%2Fwp%2Fv2%2Fcomments&post=61531"}],"version-history":[{"count":1,"href":"https:\/\/zamanturkmenistan.com.tm\/index.php?rest_route=\/wp\/v2\/posts\/61531\/revisions"}],"predecessor-version":[{"id":61534,"href":"https:\/\/zamanturkmenistan.com.tm\/index.php?rest_route=\/wp\/v2\/posts\/61531\/revisions\/61534"}],"wp:featuredmedia":[{"embeddable":true,"href":"https:\/\/zamanturkmenistan.com.tm\/index.php?rest_route=\/wp\/v2\/media\/61533"}],"wp:attachment":[{"href":"https:\/\/zamanturkmenistan.com.tm\/index.php?rest_route=%2Fwp%2Fv2%2Fmedia&parent=61531"}],"wp:term":[{"taxonomy":"category","embeddable":true,"href":"https:\/\/zamanturkmenistan.com.tm\/index.php?rest_route=%2Fwp%2Fv2%2Fcategories&post=61531"},{"taxonomy":"post_tag","embeddable":true,"href":"https:\/\/zamanturkmenistan.com.tm\/index.php?rest_route=%2Fwp%2Fv2%2Ftags&post=61531"}],"curies":[{"name":"wp","href":"https:\/\/api.w.org\/{rel}","templated":true}]}}