{"id":61591,"date":"2022-07-22T16:45:54","date_gmt":"2022-07-22T11:45:54","guid":{"rendered":"https:\/\/zamanturkmenistan.com.tm\/?p=61591"},"modified":"2022-07-22T16:45:54","modified_gmt":"2022-07-22T11:45:54","slug":"saylawcylaryn-sanyny-hasaba-aldy","status":"publish","type":"post","link":"https:\/\/zamanturkmenistan.com.tm\/?p=61591","title":{"rendered":"Sa\u00fd\u00adlaw\u00ad\u00e7y\u00adla\u00adry\u0148 sa\u00adny\u00adny ha\u00adsa\u00adba al\u00addy"},"content":{"rendered":"\n<p>Bra\u00adzi\u00adli\u00ad\u00fda\u00adda \u00e4h\u00adlu\u00admu\u00admy sa\u00fd\u00adlaw\u00adla\u00adry\u0148 bi\u00adrin\u00adji tap\u00adgy\u00adry \u015fu \u00fdy\u00adly\u0148 2-nji okt\u00ad\u00fdab\u00adry\u00adna me\u00ad\u00fdil\u00adle\u015f\u00addi\u00adri\u00adlip, onu\u0148 do\u00adwa\u00admyn\u00adda \u00fdur\u00addu\u0148 Pre\u00adzi\u00adden\u00adti, wi\u00adse-pre\u00adzi\u00adden\u00adti, Mil\u00adli kong\u00adre\u00adsi\u0148 ag\u00adza\u00adla\u00adry, h\u00e4\u00adkim\u00adler, h\u00e4\u00adki\u00admi\u0148 orun\u00adba\u00adsar\u00adla\u00adry, \u015ftat\u00adla\u00adry\u0148 ka\u00adnun \u00e7y\u00adka\u00adry\u00adjy eda\u00adra\u00adla\u00adry\u00adny\u0148 \u00fdol\u00adba\u015f\u00ad\u00e7y\u00adla\u00adry, fe\u00adde\u00adral et\u00adrap ka\u00adnun \u00e7y\u00adka\u00adry\u00adjy pa\u00adla\u00adta\u00adsy\u00adny\u0148 hem-de Fer\u00adnan\u00addo-de-No\u00adron\u00ad\u00fda et\u00adrap ge\u00ad\u0148e\u00ad\u015fi\u00adni\u0148 we\u00adkil\u00adle\u00adri sa\u00fd\u00adla\u00adnar.<br>Bra\u00adzi\u00adli\u00ad\u00fda\u00adny\u0148 \u00fdo\u00adka\u00adry sa\u00fd\u00adlaw ka\u00adzy\u00ad\u00fde\u00adti\u00adni\u0148 mag\u00adlu\u00admat\u00adla\u00adry\u00adna g\u00f6\u00adr\u00e4, \u015fu \u00fdyl umu\u00admy sa\u00fd\u00adlaw\u00adlar\u00adda 156,4 mil\u00adli\u00adon ada\u00admy\u0148 ses ber\u00adm\u00e4\u00adge hu\u00adku\u00adgy bo\u00adlup, mu\u00adnu\u0148 2018-nji \u00fdyl\u00adda\u00adky\u00addan 6,21 g\u00f6\u00adte\u00adrim k\u00f6p\u00add\u00fc\u00adgi ha\u00adbar be\u00adril\u00ad\u00fd\u00e4r. \u015ee\u00fd\u00adle hem mag\u00adlu\u00admat\u00adlar Bra\u00adzi\u00adli\u00ad\u00fda\u00adny\u0148 ta\u00adry\u00adhyn\u00adda ha\u00adsa\u00adba al\u00adnan sa\u00fd\u00adlaw\u00ad\u00e7y\u00adla\u00adry\u0148 i\u0148 uly muk\u00adda\u00adry\u00adny g\u00f6r\u00adkez\u00ad\u00fd\u00e4r. Esa\u00adsan hem, da\u00ad\u015fa\u00adry \u00fdurt\u00adlar\u00adda\u00adky sa\u00fd\u00adlaw\u00ad\u00e7y\u00adla\u00adry\u0148 sa\u00adny\u00adny\u0148 39,21 g\u00f6\u00adte\u00adrim \u00fdo\u00adkar\u00adlan\u00adma\u00adgy\u00adna ga\u00adra\u00ad\u015fyl\u00ad\u00fdar.<br>Sa\u00fd\u00adlaw u\u00e7as\u00adtok\u00adla\u00adry \u00fdur\u00addu\u0148 5570 h\u00e4\u00adkim\u00adli\u00adgin\u00adde we da\u00ad\u015fa\u00adry \u00fdurt\u00adlar\u00adda\u00adky 181 kon\u00adsul\u00adlyk\u00adla\u00adryn\u00adda gu\u00adra\u00adlar. Bra\u00adzi\u00adli\u00ad\u00fda\u00adda 18 \u00fda\u015f\u00addan ulu\u00adlar \u00fc\u00e7in ses ber\u00admek h\u00f6k\u00adma\u00adny we 70 \u00fda\u015f\u00addan \u00fdo\u00adka\u00adry adam\u00adlar \u00fc\u00e7in h\u00f6k\u00adma\u00adny d\u00e4l ha\u00adsap\u00adlan\u00ad\u00fdar. Pi\u00adkir so\u00adra\u00adly\u00ad\u015fyk\u00adla\u00adra g\u00f6\u00adr\u00e4, \u00f6\u0148\u00adki Pre\u00adzi\u00addent Lu\u00adiz Ina\u00adsio Lu\u00adla da Sil\u00adwa, h\u00e4\u00adzir\u00adki d\u00f6w\u00adlet Ba\u015f\u00adtu\u00adta\u00adny \u017da\u00adir Bol\u00adso\u00adna\u00adro\u00addan 10 g\u00f6\u00adte\u00adrim k\u00f6p ses alyp, pre\u00adzi\u00addent\u00adlik b\u00e4s\u00adle\u00ad\u015fi\u00adgin\u00adde \u00f6\u0148\u00adde bar\u00ad\u00fdar.<br>G\u00fc\u00adnor\u00adta Ame\u00adri\u00adka\u00adda \u00fder\u00adle\u015f\u00ad\u00fd\u00e4n bu \u00fdurt me\u00fd\u00adda\u00adny bo\u00ad\u00fdun\u00ad\u00e7a d\u00fcn\u00ad\u00fd\u00e4\u00adde b\u00e4\u00ad\u015fin\u00adji we ilat sa\u00adny bo\u00ad\u00fdun\u00ad\u00e7a hem \u00fde\u00addin\u00adji orun\u00adda (209 mil\u00adli\u00adon\u00addan gow\u00adrak) dur\u00ad\u00fdar.<\/p>\n","protected":false},"excerpt":{"rendered":"<p>Bra\u00adzi\u00adli\u00ad\u00fda\u00adda \u00e4h\u00adlu\u00admu\u00admy sa\u00fd\u00adlaw\u00adla\u00adry\u0148 bi\u00adrin\u00adji tap\u00adgy\u00adry \u015fu \u00fdy\u00adly\u0148 2-nji okt\u00ad\u00fdab\u00adry\u00adna me\u00ad\u00fdil\u00adle\u015f\u00addi\u00adri\u00adlip, onu\u0148 do\u00adwa\u00admyn\u00adda \u00fdur\u00addu\u0148 Pre\u00adzi\u00adden\u00adti, wi\u00adse-pre\u00adzi\u00adden\u00adti, Mil\u00adli kong\u00adre\u00adsi\u0148 ag\u00adza\u00adla\u00adry, h\u00e4\u00adkim\u00adler, h\u00e4\u00adki\u00admi\u0148 orun\u00adba\u00adsar\u00adla\u00adry, \u015ftat\u00adla\u00adry\u0148 ka\u00adnun \u00e7y\u00adka\u00adry\u00adjy eda\u00adra\u00adla\u00adry\u00adny\u0148 \u00fdol\u00adba\u015f\u00ad\u00e7y\u00adla\u00adry, fe\u00adde\u00adral et\u00adrap ka\u00adnun \u00e7y\u00adka\u00adry\u00adjy pa\u00adla\u00adta\u00adsy\u00adny\u0148 hem-de Fer\u00adnan\u00addo-de-No\u00adron\u00ad\u00fda et\u00adrap ge\u00ad\u0148e\u00ad\u015fi\u00adni\u0148 we\u00adkil\u00adle\u00adri sa\u00fd\u00adla\u00adnar.Bra\u00adzi\u00adli\u00ad\u00fda\u00adny\u0148 \u00fdo\u00adka\u00adry sa\u00fd\u00adlaw ka\u00adzy\u00ad\u00fde\u00adti\u00adni\u0148 mag\u00adlu\u00admat\u00adla\u00adry\u00adna g\u00f6\u00adr\u00e4, \u015fu \u00fdyl umu\u00admy sa\u00fd\u00adlaw\u00adlar\u00adda 156,4 mil\u00adli\u00adon ada\u00admy\u0148 ses ber\u00adm\u00e4\u00adge hu\u00adku\u00adgy bo\u00adlup, mu\u00adnu\u0148 2018-nji [&hellip;]<\/p>\n","protected":false},"author":2,"featured_media":61592,"comment_status":"open","ping_status":"closed","sticky":false,"template":"","format":"standard","meta":{"footnotes":""},"categories":[5],"tags":[],"acf":[],"_links":{"self":[{"href":"https:\/\/zamanturkmenistan.com.tm\/index.php?rest_route=\/wp\/v2\/posts\/61591"}],"collection":[{"href":"https:\/\/zamanturkmenistan.com.tm\/index.php?rest_route=\/wp\/v2\/posts"}],"about":[{"href":"https:\/\/zamanturkmenistan.com.tm\/index.php?rest_route=\/wp\/v2\/types\/post"}],"author":[{"embeddable":true,"href":"https:\/\/zamanturkmenistan.com.tm\/index.php?rest_route=\/wp\/v2\/users\/2"}],"replies":[{"embeddable":true,"href":"https:\/\/zamanturkmenistan.com.tm\/index.php?rest_route=%2Fwp%2Fv2%2Fcomments&post=61591"}],"version-history":[{"count":1,"href":"https:\/\/zamanturkmenistan.com.tm\/index.php?rest_route=\/wp\/v2\/posts\/61591\/revisions"}],"predecessor-version":[{"id":61593,"href":"https:\/\/zamanturkmenistan.com.tm\/index.php?rest_route=\/wp\/v2\/posts\/61591\/revisions\/61593"}],"wp:featuredmedia":[{"embeddable":true,"href":"https:\/\/zamanturkmenistan.com.tm\/index.php?rest_route=\/wp\/v2\/media\/61592"}],"wp:attachment":[{"href":"https:\/\/zamanturkmenistan.com.tm\/index.php?rest_route=%2Fwp%2Fv2%2Fmedia&parent=61591"}],"wp:term":[{"taxonomy":"category","embeddable":true,"href":"https:\/\/zamanturkmenistan.com.tm\/index.php?rest_route=%2Fwp%2Fv2%2Fcategories&post=61591"},{"taxonomy":"post_tag","embeddable":true,"href":"https:\/\/zamanturkmenistan.com.tm\/index.php?rest_route=%2Fwp%2Fv2%2Ftags&post=61591"}],"curies":[{"name":"wp","href":"https:\/\/api.w.org\/{rel}","templated":true}]}}