{"id":61662,"date":"2022-07-25T15:24:07","date_gmt":"2022-07-25T10:24:07","guid":{"rendered":"https:\/\/zamanturkmenistan.com.tm\/?p=61662"},"modified":"2022-07-25T15:24:07","modified_gmt":"2022-07-25T10:24:07","slug":"dunyanin-in-uly-kilimi-dokaldy","status":"publish","type":"post","link":"https:\/\/zamanturkmenistan.com.tm\/?p=61662","title":{"rendered":"D\u00fcn\u00fd\u00e4ni\u0148 i\u0148 uly kilimi dokaldy \u00a0"},"content":{"rendered":"\n<p>E\u00fdrany\u0148 Fars wela\u00fdatyny\u0148 Gir we Karzin sebitini\u0148 Miras, medeni\u00fdet, sy\u00fdahat\u00e7ylyk we senet\u00e7ilik edarasyny\u0148 m\u00fcdiri Muhammet Jafar Ebrahimi d\u00fcn\u00fd\u00e4ni\u0148 i\u0148 uly kilimini\u0148 dokalyp tamamlanandygyny habar berdi. Resmini\u0148 a\u00fdtmagyna g\u00f6r\u00e4, uzynlygy 7 x 15 metre, me\u00fddany 105 ined\u00f6rd\u00fcl metre barabar bolan bu kilim, Gir we Karzin sebitine gir\u00fd\u00e4n Hurz obasyny\u0148 zenanlary tarapyndan dokalypdyr. Kilimi\u0148 \u00fcst\u00fcnde \u00fdedi esasy dokma\u00e7ydan we \u00fc\u00e7 k\u00f6mek\u00e7iden ybarat 10 dokma\u00e7y i\u015fledi. &nbsp;<\/p>\n\n\n\n<p>-Katar d\u00f6wletini\u0148 sargyt eden bu kilimi \u201cAriafar Kilim we Gabbeh\u201d kooperatiw kompani\u00fdasy tarapyndan \u00f6nd\u00fcrildi \u2013 di\u00fdip, Muhammet Jafar Ebrahimi belledi. \u015ee\u00fdle hem Ebrahimi kilimi dokamak \u00fc\u00e7in 66 m\u00fc\u0148 105 metr sapak sarp edilendigini s\u00f6z\u00fcni\u0148 \u00fcst\u00fcne go\u015fdy.<\/p>\n\n\n\n<p>Gir we Karzin sebitini\u0148 ilatyny\u0148 ep-esli b\u00f6legi t\u00fcrki dilli ka\u015fka\u00fdlardan ybarat bolup, bu sebit di\u0148e bir Fars wela\u00fdatynda d\u00e4l, e\u00fdsem tutu\u015f E\u00fdranda senet\u00e7ilik merkezlerini\u0148 biri hasaplan\u00fdar. Kilim, tekiz dokaly\u015f usullary arkaly ta\u00fd\u00fdarlanan \u00fcp\u00fcrjiksiz halydyr. \u015ee\u00fdle kilimler T\u00fcrki\u00fdede, Demirgazyk Afrikada, Kawkazda, E\u00fdranda, Owganystanda, Pakistanda, Balkan \u00fdurtlarynda, Hyta\u00fdda, T\u00fcrkmenistanda hem-de Merkezi Azi\u00fdany\u0148 be\u00fdleki \u00fdurtlarynda \u00f6nd\u00fcril\u00fd\u00e4r. H\u00e4zirki wagtda, kilimler G\u00fcnbatar \u00fdurtlarynda hem d\u00fc\u015fek \u00fda-da \u00f6\u00fd bezegi h\u00f6km\u00fcnde gi\u0148den me\u015fhurlyk gazan\u00fdar.<\/p>\n\n\n\n<p>Umuman a\u00fddany\u0148da, E\u00fdran haly \u00f6n\u00fcmlerini d\u00fcn\u00fd\u00e4de i\u0148 k\u00f6p \u00f6nd\u00fcr\u00fd\u00e4n \u00fdurtlary\u0148 biri bolup, Kanada, Awstrali\u00fda, Germani\u00fda, \u00ddaponi\u00fda, Itali\u00fda, Kuwe\u00fdt, Keni\u00fda, Hyta\u00fd, Fransi\u00fda, Be\u00fdik Britani\u00fda \u00fdaly d\u00fcn\u00fd\u00e4ni\u0148 57 \u00fdurduna me\u015fhur haly, kilim \u00f6n\u00fcmlerini we \u201cgabbe\u201d atly haly g\u00f6rn\u00fc\u015fini eksport ed\u00fd\u00e4r.<\/p>\n","protected":false},"excerpt":{"rendered":"<p>E\u00fdrany\u0148 Fars wela\u00fdatyny\u0148 Gir we Karzin sebitini\u0148 Miras, medeni\u00fdet, sy\u00fdahat\u00e7ylyk we senet\u00e7ilik edarasyny\u0148 m\u00fcdiri Muhammet Jafar Ebrahimi d\u00fcn\u00fd\u00e4ni\u0148 i\u0148 uly kilimini\u0148 dokalyp tamamlanandygyny habar berdi. Resmini\u0148 a\u00fdtmagyna g\u00f6r\u00e4, uzynlygy 7 x 15 metre, me\u00fddany 105 ined\u00f6rd\u00fcl metre barabar bolan bu kilim, Gir we Karzin sebitine gir\u00fd\u00e4n Hurz obasyny\u0148 zenanlary tarapyndan dokalypdyr. Kilimi\u0148 \u00fcst\u00fcnde \u00fdedi esasy [&hellip;]<\/p>\n","protected":false},"author":2,"featured_media":61663,"comment_status":"open","ping_status":"closed","sticky":false,"template":"","format":"standard","meta":{"footnotes":""},"categories":[5],"tags":[],"acf":[],"_links":{"self":[{"href":"https:\/\/zamanturkmenistan.com.tm\/index.php?rest_route=\/wp\/v2\/posts\/61662"}],"collection":[{"href":"https:\/\/zamanturkmenistan.com.tm\/index.php?rest_route=\/wp\/v2\/posts"}],"about":[{"href":"https:\/\/zamanturkmenistan.com.tm\/index.php?rest_route=\/wp\/v2\/types\/post"}],"author":[{"embeddable":true,"href":"https:\/\/zamanturkmenistan.com.tm\/index.php?rest_route=\/wp\/v2\/users\/2"}],"replies":[{"embeddable":true,"href":"https:\/\/zamanturkmenistan.com.tm\/index.php?rest_route=%2Fwp%2Fv2%2Fcomments&post=61662"}],"version-history":[{"count":1,"href":"https:\/\/zamanturkmenistan.com.tm\/index.php?rest_route=\/wp\/v2\/posts\/61662\/revisions"}],"predecessor-version":[{"id":61664,"href":"https:\/\/zamanturkmenistan.com.tm\/index.php?rest_route=\/wp\/v2\/posts\/61662\/revisions\/61664"}],"wp:featuredmedia":[{"embeddable":true,"href":"https:\/\/zamanturkmenistan.com.tm\/index.php?rest_route=\/wp\/v2\/media\/61663"}],"wp:attachment":[{"href":"https:\/\/zamanturkmenistan.com.tm\/index.php?rest_route=%2Fwp%2Fv2%2Fmedia&parent=61662"}],"wp:term":[{"taxonomy":"category","embeddable":true,"href":"https:\/\/zamanturkmenistan.com.tm\/index.php?rest_route=%2Fwp%2Fv2%2Fcategories&post=61662"},{"taxonomy":"post_tag","embeddable":true,"href":"https:\/\/zamanturkmenistan.com.tm\/index.php?rest_route=%2Fwp%2Fv2%2Ftags&post=61662"}],"curies":[{"name":"wp","href":"https:\/\/api.w.org\/{rel}","templated":true}]}}