{"id":61665,"date":"2022-07-25T15:26:58","date_gmt":"2022-07-25T10:26:58","guid":{"rendered":"https:\/\/zamanturkmenistan.com.tm\/?p=61665"},"modified":"2022-07-25T15:26:59","modified_gmt":"2022-07-25T10:26:59","slug":"sri-lankada-ministrler-kabinetinin-taze-agzalary-kasam-kabul-etdi","status":"publish","type":"post","link":"https:\/\/zamanturkmenistan.com.tm\/?p=61665","title":{"rendered":"\u015eri-Lan\u00adka\u00adda Mi\u00adnistr\u00adler Ka\u00adbi\u00adne\u00adti\u00adni\u0148 t\u00e4\u00adze ag\u00adza\u00adla\u00adry ka\u00adsam ka\u00adbul et\u00addi"},"content":{"rendered":"\n<p>\u015eri-Lankada Ministrler Kabinetini\u0148 t\u00e4ze agzalary 20-nji i\u00fdulda ge\u00e7irilen parlament ses beri\u015fliginde Ranil Wikramasingheni\u0148 \u00fdurdu\u0148 t\u00e4ze Prezidenti wezipesine sa\u00fdlanandan so\u0148 kasam kabul etdiler. 18 ministr, \u015fol sanda, Prem\u00fder-ministr Dine\u015f Gunawardena t\u00e4ze sa\u00fdlanan Prezident Ranil Wikramasingheni\u0148 gatna\u015fmagynda Ministrler Kabinetini\u0148 t\u00e4ze agzalary h\u00f6km\u00fcnde kasam kabul etdiler.<\/p>\n\n\n\n<p>Dine\u015f Gunawardena G\u00fcnorta Azi\u00fda \u00fdurduny\u0148 Prem\u00fder-ministri h\u00f6km\u00fcnde kasam kabul etdi. Ol mundan \u00f6\u0148 d\u00f6wlet dolandyry\u015f, i\u00e7eri i\u015fler, wela\u00fdat ge\u0148e\u015fleri we \u00fderli dolandyry\u015f ministri bolup i\u015fledi.<\/p>\n\n\n\n<p>Sa\u00fdlawda gazanan \u00fde\u0148\u015finden so\u0148 parlamentde eden \u00e7yky\u015fynda Ranil Wikramasinghe \u00e4hli kanun \u00e7ykaryjylary \u015eri-Lankany ykdysady kyn\u00e7ylyklardan \u00e7ykarmak \u00fc\u00e7in tagallalaryny birikdirm\u00e4ge \u00e7agyrdy. Ranil Wikramasinghe parlamentde ge\u00e7irilen ses beri\u015flikde 134 ses gazandy. Ses beri\u015flige 225 deputaty\u0148 223-si gatna\u015fdy. \u015eri-Lanka G\u00fcnorta Azi\u00fdany\u0148 bir \u00fdurdy. 1972-nji \u00fdyla \u00e7enli bu \u00fdurda Se\u00fdlon di\u00fdil\u00fd\u00e4rdi. \u015eri-Lanka sanskrit dilinde &#8220;\u015f\u00f6hratly, m\u00fcb\u00e4rek toprak&#8221; di\u00fdmegi a\u0148lad\u00fdar. \u00ddurdu\u0148 Hindistan bilen de\u0148iz ara\u00e7\u00e4gi bar. 21 milliondan gowrak ilaty bolan bu \u00fdurt 1948-nji \u00fdylda Gara\u015fsyzlygyna e\u00fde bol\u00fdar.<\/p>\n","protected":false},"excerpt":{"rendered":"<p>\u015eri-Lankada Ministrler Kabinetini\u0148 t\u00e4ze agzalary 20-nji i\u00fdulda ge\u00e7irilen parlament ses beri\u015fliginde Ranil Wikramasingheni\u0148 \u00fdurdu\u0148 t\u00e4ze Prezidenti wezipesine sa\u00fdlanandan so\u0148 kasam kabul etdiler. 18 ministr, \u015fol sanda, Prem\u00fder-ministr Dine\u015f Gunawardena t\u00e4ze sa\u00fdlanan Prezident Ranil Wikramasingheni\u0148 gatna\u015fmagynda Ministrler Kabinetini\u0148 t\u00e4ze agzalary h\u00f6km\u00fcnde kasam kabul etdiler. Dine\u015f Gunawardena G\u00fcnorta Azi\u00fda \u00fdurduny\u0148 Prem\u00fder-ministri h\u00f6km\u00fcnde kasam kabul etdi. Ol mundan [&hellip;]<\/p>\n","protected":false},"author":2,"featured_media":61666,"comment_status":"open","ping_status":"closed","sticky":false,"template":"","format":"standard","meta":{"footnotes":""},"categories":[5],"tags":[],"acf":[],"_links":{"self":[{"href":"https:\/\/zamanturkmenistan.com.tm\/index.php?rest_route=\/wp\/v2\/posts\/61665"}],"collection":[{"href":"https:\/\/zamanturkmenistan.com.tm\/index.php?rest_route=\/wp\/v2\/posts"}],"about":[{"href":"https:\/\/zamanturkmenistan.com.tm\/index.php?rest_route=\/wp\/v2\/types\/post"}],"author":[{"embeddable":true,"href":"https:\/\/zamanturkmenistan.com.tm\/index.php?rest_route=\/wp\/v2\/users\/2"}],"replies":[{"embeddable":true,"href":"https:\/\/zamanturkmenistan.com.tm\/index.php?rest_route=%2Fwp%2Fv2%2Fcomments&post=61665"}],"version-history":[{"count":1,"href":"https:\/\/zamanturkmenistan.com.tm\/index.php?rest_route=\/wp\/v2\/posts\/61665\/revisions"}],"predecessor-version":[{"id":61667,"href":"https:\/\/zamanturkmenistan.com.tm\/index.php?rest_route=\/wp\/v2\/posts\/61665\/revisions\/61667"}],"wp:featuredmedia":[{"embeddable":true,"href":"https:\/\/zamanturkmenistan.com.tm\/index.php?rest_route=\/wp\/v2\/media\/61666"}],"wp:attachment":[{"href":"https:\/\/zamanturkmenistan.com.tm\/index.php?rest_route=%2Fwp%2Fv2%2Fmedia&parent=61665"}],"wp:term":[{"taxonomy":"category","embeddable":true,"href":"https:\/\/zamanturkmenistan.com.tm\/index.php?rest_route=%2Fwp%2Fv2%2Fcategories&post=61665"},{"taxonomy":"post_tag","embeddable":true,"href":"https:\/\/zamanturkmenistan.com.tm\/index.php?rest_route=%2Fwp%2Fv2%2Ftags&post=61665"}],"curies":[{"name":"wp","href":"https:\/\/api.w.org\/{rel}","templated":true}]}}