{"id":61709,"date":"2022-07-27T11:47:54","date_gmt":"2022-07-27T06:47:54","guid":{"rendered":"https:\/\/zamanturkmenistan.com.tm\/?p=61709"},"modified":"2022-07-27T11:47:54","modified_gmt":"2022-07-27T06:47:54","slug":"taze-hokumet-oz-isine-baslady","status":"publish","type":"post","link":"https:\/\/zamanturkmenistan.com.tm\/?p=61709","title":{"rendered":"T\u00e4ze h\u00f6k\u00fcmet \u00f6z i\u015fine ba\u015flady"},"content":{"rendered":"\n<p>\u015eri-Lan\u00adka\u00adda Mi\u00adnistr\u00adler Ka\u00adbi\u00adne\u00adti\u00adni\u0148 t\u00e4\u00adze ag\u00adza\u00adla\u00adry 20-nji i\u00fdul\u00adda par\u00adla\u00adment\u00adde ge\u00ad\u00e7i\u00adri\u00adlen ses be\u00adri\u015f\u00adlik\u00adde Ra\u00adnil Wik\u00adra\u00adma\u00adsing\u00adhe\u00adni\u0148 \u00fdur\u00addu\u0148 t\u00e4\u00adze Pre\u00adzi\u00adden\u00adti we\u00adzi\u00adpe\u00adsi\u00adne sa\u00fd\u00adla\u00adnan\u00addan so\u0148 ka\u00adsam ka\u00adbul et\u00addi\u00adler.<br>18 mi\u00adnistr, \u015fol san\u00adda, Prem\u00ad\u00fder-mi\u00adnistr Di\u00adne\u015f Gu\u00adna\u00adwar\u00adde\u00adna t\u00e4\u00adze sa\u00fd\u00adla\u00adnan Pre\u00adzi\u00addent Ra\u00adnil Wik\u00adra\u00adma\u00adsing\u00adhe\u00adni\u0148 gat\u00adna\u015f\u00adma\u00adgyn\u00adda h\u00f6k\u00fcmeti\u0148 t\u00e4\u00adze ag\u00adza\u00adla\u00adry kasam kabul edip, wezipesine giri\u015fdiler. Di\u00adne\u015f Gu\u00adna\u00adwar\u00adde\u00adna mun\u00addan \u00f6\u0148 d\u00f6w\u00adlet do\u00adlan\u00addy\u00adry\u015f, i\u00e7e\u00adri i\u015f\u00adler hem-de we\u00adla\u00ad\u00fdat ge\u00ad\u0148e\u015f\u00adle\u00adri we \u00fder\u00adli do\u00adlan\u00addy\u00adry\u015f mi\u00adnist\u00adri bo\u00adlup i\u015f\u00adle\u00addi.<br>Ra\u00adnil Wik\u00adra\u00adma\u00adsing\u00adhe par\u00adla\u00adment\u00adde ge\u00ad\u00e7i\u00adri\u00adlen ses be\u00adri\u015f\u00adlik\u00adde 134 ses ga\u00adzan\u00addy. Ses be\u00adri\u015f\u00adli\u00adge 225 de\u00adpu\u00adta\u00adty\u0148 223-si gat\u00adna\u015f\u00addy. Sa\u00fd\u00adlawlar\u00adda ga\u00adza\u00adnan \u00fde\u0148\u00ad\u015fin\u00adden so\u0148 par\u00adla\u00adment\u00adde eden \u00e7y\u00adky\u00ad\u015fyn\u00adda Ra\u00adnil Wik\u00adra\u00adma\u00adsing\u00adhe \u00e4h\u00adli ka\u00adnun \u00e7y\u00adka\u00adry\u00adjy\u00adla\u00adry \u015eri-Lan\u00adka\u00adny yk\u00addy\u00adsa\u00addy kyn\u00ad\u00e7y\u00adlyk\u00adlar\u00addan \u00e7y\u00adkar\u00admak \u00fc\u00e7in ta\u00adgal\u00adla\u00adla\u00adry\u00adny bi\u00adrik\u00addir\u00adm\u00e4\u00adge \u00e7a\u00adgyr\u00addy.<br>\u015eri-Lan\u00adka G\u00fc\u00adnor\u00adta Azi\u00ad\u00fda\u00adda \u00fderle\u015f\u00fd\u00e4n \u00fdurt bolup, 1972-nji \u00fdy\u00adla \u00e7en\u00adli bu \u00fdur\u00adda Se\u00fd\u00adlon di\u00ad\u00fdil\u00ad\u00fd\u00e4r\u00addi. \u015eri-Lan\u00adka sansk\u00adrit di\u00adlin\u00adde \u00ab\u015f\u00f6h\u00adrat\u00adly, m\u00fc\u00adb\u00e4\u00adrek top\u00adrak\u00bb di\u00fd\u00adme\u00adgi a\u0148\u00adlad\u00ad\u00fdar. \u00ddur\u00addu\u0148 Hin\u00addis\u00adtan bi\u00adlen de\u00ad\u0148iz ara\u00ad\u00e7\u00e4\u00adgi bar. 21 mil\u00adli\u00adon\u00addan gow\u00adrak ila\u00adty bo\u00adlan bu \u00fdurt 1948-nji \u00fdyl\u00adda Ga\u00adra\u015f\u00adsyz\u00adly\u00adgy\u00adna e\u00fde bol\u00addy.<\/p>\n","protected":false},"excerpt":{"rendered":"<p>\u015eri-Lan\u00adka\u00adda Mi\u00adnistr\u00adler Ka\u00adbi\u00adne\u00adti\u00adni\u0148 t\u00e4\u00adze ag\u00adza\u00adla\u00adry 20-nji i\u00fdul\u00adda par\u00adla\u00adment\u00adde ge\u00ad\u00e7i\u00adri\u00adlen ses be\u00adri\u015f\u00adlik\u00adde Ra\u00adnil Wik\u00adra\u00adma\u00adsing\u00adhe\u00adni\u0148 \u00fdur\u00addu\u0148 t\u00e4\u00adze Pre\u00adzi\u00adden\u00adti we\u00adzi\u00adpe\u00adsi\u00adne sa\u00fd\u00adla\u00adnan\u00addan so\u0148 ka\u00adsam ka\u00adbul et\u00addi\u00adler.18 mi\u00adnistr, \u015fol san\u00adda, Prem\u00ad\u00fder-mi\u00adnistr Di\u00adne\u015f Gu\u00adna\u00adwar\u00adde\u00adna t\u00e4\u00adze sa\u00fd\u00adla\u00adnan Pre\u00adzi\u00addent Ra\u00adnil Wik\u00adra\u00adma\u00adsing\u00adhe\u00adni\u0148 gat\u00adna\u015f\u00adma\u00adgyn\u00adda h\u00f6k\u00fcmeti\u0148 t\u00e4\u00adze ag\u00adza\u00adla\u00adry kasam kabul edip, wezipesine giri\u015fdiler. Di\u00adne\u015f Gu\u00adna\u00adwar\u00adde\u00adna mun\u00addan \u00f6\u0148 d\u00f6w\u00adlet do\u00adlan\u00addy\u00adry\u015f, i\u00e7e\u00adri i\u015f\u00adler hem-de we\u00adla\u00ad\u00fdat ge\u00ad\u0148e\u015f\u00adle\u00adri we \u00fder\u00adli [&hellip;]<\/p>\n","protected":false},"author":2,"featured_media":61710,"comment_status":"open","ping_status":"closed","sticky":false,"template":"","format":"standard","meta":{"footnotes":""},"categories":[5],"tags":[],"acf":[],"_links":{"self":[{"href":"https:\/\/zamanturkmenistan.com.tm\/index.php?rest_route=\/wp\/v2\/posts\/61709"}],"collection":[{"href":"https:\/\/zamanturkmenistan.com.tm\/index.php?rest_route=\/wp\/v2\/posts"}],"about":[{"href":"https:\/\/zamanturkmenistan.com.tm\/index.php?rest_route=\/wp\/v2\/types\/post"}],"author":[{"embeddable":true,"href":"https:\/\/zamanturkmenistan.com.tm\/index.php?rest_route=\/wp\/v2\/users\/2"}],"replies":[{"embeddable":true,"href":"https:\/\/zamanturkmenistan.com.tm\/index.php?rest_route=%2Fwp%2Fv2%2Fcomments&post=61709"}],"version-history":[{"count":1,"href":"https:\/\/zamanturkmenistan.com.tm\/index.php?rest_route=\/wp\/v2\/posts\/61709\/revisions"}],"predecessor-version":[{"id":61711,"href":"https:\/\/zamanturkmenistan.com.tm\/index.php?rest_route=\/wp\/v2\/posts\/61709\/revisions\/61711"}],"wp:featuredmedia":[{"embeddable":true,"href":"https:\/\/zamanturkmenistan.com.tm\/index.php?rest_route=\/wp\/v2\/media\/61710"}],"wp:attachment":[{"href":"https:\/\/zamanturkmenistan.com.tm\/index.php?rest_route=%2Fwp%2Fv2%2Fmedia&parent=61709"}],"wp:term":[{"taxonomy":"category","embeddable":true,"href":"https:\/\/zamanturkmenistan.com.tm\/index.php?rest_route=%2Fwp%2Fv2%2Fcategories&post=61709"},{"taxonomy":"post_tag","embeddable":true,"href":"https:\/\/zamanturkmenistan.com.tm\/index.php?rest_route=%2Fwp%2Fv2%2Ftags&post=61709"}],"curies":[{"name":"wp","href":"https:\/\/api.w.org\/{rel}","templated":true}]}}