{"id":61715,"date":"2022-07-27T11:51:18","date_gmt":"2022-07-27T06:51:18","guid":{"rendered":"https:\/\/zamanturkmenistan.com.tm\/?p=61715"},"modified":"2022-07-27T11:51:18","modified_gmt":"2022-07-27T06:51:18","slug":"kuweytin-taze-premyer-ministri","status":"publish","type":"post","link":"https:\/\/zamanturkmenistan.com.tm\/?p=61715","title":{"rendered":"Ku\u00adwe\u00fd\u00adti\u0148 t\u00e4\u00adze Prem\u00ad\u00fder-mi\u00adnist\u00adri"},"content":{"rendered":"\n<p>25-nji i\u00fdul\u00adda Ku\u00adwe\u00fdt Emi\u00adri\u00adni\u0148 og\u00adly \u015ee\u00fdh Ah\u00admed Na\u00adwaf al-Ah\u00admed al-Sa\u00adba\u00adh \u00fdur\u00addu\u0148 t\u00e4\u00adze Prem\u00ad\u00fder-mi\u00adnist\u00adri we\u00adzi\u00adpe\u00adsi\u00adne bel\u00adlen\u00addi. Bu ba\u00adra\u00adda Ku\u00adwe\u00fd\u00adti\u0148 \u00abAl-Ja\u00adri\u00adda\u00bb ne\u00ad\u015firi m\u00e4\u00adlim et\u00addi.<br>T\u00e4\u00adze bel\u00adle\u00adnen Prem\u00ad\u00fder-mi\u00adnist\u00adre Mi\u00adnistr\u00adler Ka\u00adbi\u00adne\u00adti\u00adni d\u00f6\u00adret\u00admek we d\u00f6w\u00adlet Ba\u015f\u00adtu\u00adta\u00adny\u00adny\u0148 tas\u00adsyk\u00adla\u00adma\u00adgy \u00fc\u00e7in t\u00e4\u00adze mi\u00adnistr\u00adle\u00adri\u0148 sa\u00adna\u00adwy\u00adny d\u00fcz\u00admek wezipesi tab\u00ad\u015fy\u00adryl\u00addy. 2021-nji \u00fdy\u00adly\u0148 15-nji no\u00ad\u00fdab\u00adryn\u00adda Ku\u00adwe\u00fd\u00adti\u0148 emi\u00adri Emir Na\u00adwaf al-Ah\u00admed al-Ja\u00adber al-Sa\u00adbah ka\u00adrar bi\u00adlen \u00fdur\u00addu\u0148 mi\u00adras\u00add\u00fc\u00ad\u015fer \u015fa\u00adza\u00adda\u00adsy\u00adna d\u00f6w\u00adlet Ba\u015f\u00adtu\u00adta\u00adny\u00adny\u0148 yg\u00adty\u00ad\u00fdar\u00adlyk\u00adla\u00adry\u00adny\u0148 bir b\u00f6\u00adle\u00adgi\u00adni ulan\u00admak hu\u00adku\u00adgy\u00adny ber\u00addi.<br>\u015ee\u00fdh Ah\u00admed Na\u00adwaf al-Ah\u00admed al-Sa\u00adbah 1956-njy \u00fdyl\u00adda do\u00adgul\u00addy we Emir Na\u00adwaf al-Ah\u00admed al-Ja\u00adber al-Sa\u00adba\u00adhy\u0148 og\u00adludyr. Ozal i\u00e7e\u00adri i\u015f\u00adler mi\u00adnist\u00adri we Ku\u00adwe\u00fd\u00adti\u0148 Mil\u00adli gwar\u00addi\u00ad\u00fda\u00adsy\u00adny\u0148 ser\u00adker\u00adde\u00adba\u00ad\u015fy\u00adsy\u00adny\u0148 orun\u00adba\u00adsa\u00adry bo\u00adlup i\u015f\u00adl\u00e4n, \u015ee\u00fdh Ah\u00admed \u00f6\u0148\u00adki h\u00f6\u00adk\u00fc\u00admet\u00adde Prem\u00ad\u00fder-mi\u00adnist\u00adri\u0148 orun\u00adba\u00adsa\u00adry bo\u00adlup i\u015f\u00adle\u00addi.<\/p>\n","protected":false},"excerpt":{"rendered":"<p>25-nji i\u00fdul\u00adda Ku\u00adwe\u00fdt Emi\u00adri\u00adni\u0148 og\u00adly \u015ee\u00fdh Ah\u00admed Na\u00adwaf al-Ah\u00admed al-Sa\u00adba\u00adh \u00fdur\u00addu\u0148 t\u00e4\u00adze Prem\u00ad\u00fder-mi\u00adnist\u00adri we\u00adzi\u00adpe\u00adsi\u00adne bel\u00adlen\u00addi. Bu ba\u00adra\u00adda Ku\u00adwe\u00fd\u00adti\u0148 \u00abAl-Ja\u00adri\u00adda\u00bb ne\u00ad\u015firi m\u00e4\u00adlim et\u00addi.T\u00e4\u00adze bel\u00adle\u00adnen Prem\u00ad\u00fder-mi\u00adnist\u00adre Mi\u00adnistr\u00adler Ka\u00adbi\u00adne\u00adti\u00adni d\u00f6\u00adret\u00admek we d\u00f6w\u00adlet Ba\u015f\u00adtu\u00adta\u00adny\u00adny\u0148 tas\u00adsyk\u00adla\u00adma\u00adgy \u00fc\u00e7in t\u00e4\u00adze mi\u00adnistr\u00adle\u00adri\u0148 sa\u00adna\u00adwy\u00adny d\u00fcz\u00admek wezipesi tab\u00ad\u015fy\u00adryl\u00addy. 2021-nji \u00fdy\u00adly\u0148 15-nji no\u00ad\u00fdab\u00adryn\u00adda Ku\u00adwe\u00fd\u00adti\u0148 emi\u00adri Emir Na\u00adwaf al-Ah\u00admed al-Ja\u00adber al-Sa\u00adbah ka\u00adrar bi\u00adlen \u00fdur\u00addu\u0148 mi\u00adras\u00add\u00fc\u00ad\u015fer \u015fa\u00adza\u00adda\u00adsy\u00adna d\u00f6w\u00adlet [&hellip;]<\/p>\n","protected":false},"author":2,"featured_media":61716,"comment_status":"open","ping_status":"closed","sticky":false,"template":"","format":"standard","meta":{"footnotes":""},"categories":[5],"tags":[],"acf":[],"_links":{"self":[{"href":"https:\/\/zamanturkmenistan.com.tm\/index.php?rest_route=\/wp\/v2\/posts\/61715"}],"collection":[{"href":"https:\/\/zamanturkmenistan.com.tm\/index.php?rest_route=\/wp\/v2\/posts"}],"about":[{"href":"https:\/\/zamanturkmenistan.com.tm\/index.php?rest_route=\/wp\/v2\/types\/post"}],"author":[{"embeddable":true,"href":"https:\/\/zamanturkmenistan.com.tm\/index.php?rest_route=\/wp\/v2\/users\/2"}],"replies":[{"embeddable":true,"href":"https:\/\/zamanturkmenistan.com.tm\/index.php?rest_route=%2Fwp%2Fv2%2Fcomments&post=61715"}],"version-history":[{"count":1,"href":"https:\/\/zamanturkmenistan.com.tm\/index.php?rest_route=\/wp\/v2\/posts\/61715\/revisions"}],"predecessor-version":[{"id":61717,"href":"https:\/\/zamanturkmenistan.com.tm\/index.php?rest_route=\/wp\/v2\/posts\/61715\/revisions\/61717"}],"wp:featuredmedia":[{"embeddable":true,"href":"https:\/\/zamanturkmenistan.com.tm\/index.php?rest_route=\/wp\/v2\/media\/61716"}],"wp:attachment":[{"href":"https:\/\/zamanturkmenistan.com.tm\/index.php?rest_route=%2Fwp%2Fv2%2Fmedia&parent=61715"}],"wp:term":[{"taxonomy":"category","embeddable":true,"href":"https:\/\/zamanturkmenistan.com.tm\/index.php?rest_route=%2Fwp%2Fv2%2Fcategories&post=61715"},{"taxonomy":"post_tag","embeddable":true,"href":"https:\/\/zamanturkmenistan.com.tm\/index.php?rest_route=%2Fwp%2Fv2%2Ftags&post=61715"}],"curies":[{"name":"wp","href":"https:\/\/api.w.org\/{rel}","templated":true}]}}