{"id":61785,"date":"2022-07-28T17:50:49","date_gmt":"2022-07-28T12:50:49","guid":{"rendered":"https:\/\/zamanturkmenistan.com.tm\/?p=61785"},"modified":"2022-07-28T17:50:49","modified_gmt":"2022-07-28T12:50:49","slug":"turkmen-ozbek-gatnasyklarynyn-geljekki-mumkincilikleri-ara-alnyp-maslahatlasyldy","status":"publish","type":"post","link":"https:\/\/zamanturkmenistan.com.tm\/?p=61785","title":{"rendered":"T\u00fcrkmen-\u00f6zbek gatna\u015fyklaryny\u0148 geljekki m\u00fcmkin\u00e7ilikleri ara alnyp maslahatla\u015fyldy"},"content":{"rendered":"\n<p>28-nji i\u00fdulda T\u00fcrkmenistany\u0148 DIM-de T\u00fcrkmenistany\u0148 Ministrler Kabinetini\u0148 Ba\u015flygyny\u0148 Orunbasary, Da\u015fary i\u015fler ministri Ra\u015fid Meredowy\u0148 \u00d6zbegistan Respublikasyny\u0148 T\u00fcrkmenistandaky Il\u00e7isi Akmaljon Ku\u00e7karow bilen du\u015fu\u015fygy ge\u00e7irildi.<\/p>\n\n\n\n<p>Du\u015fu\u015fygy\u0148 dowamynda diplomatlar T\u00fcrkmenistany\u0148 Prezidenti Serdar Berdimuhamedowy\u0148 2022-nji \u00fdyly\u0148 14-15-nji i\u00fduly aralygynda \u00d6zbegistan Respublikasyna amala a\u015fyran d\u00f6wlet saparyny\u0148 \u00e7\u00e4ginde i\u0148 \u00fdokary derejede gazanylan ylala\u015fyklary\u0148 durmu\u015fa ge\u00e7irili\u015fi we gol \u00e7ekilen resminamalary\u0148 \u00fderine \u00fdetirili\u015fi barada ara alyp maslahatla\u015fdylar.<\/p>\n\n\n\n<p>Geple\u015fikleri\u0148 dowamynda taraplar \u00fdokarda agzalan resminamalary\u0148 \u00fderine \u00fdetirilmegini\u0148 kanuny esaslaryny k\u00e4mille\u015fdirmek, hususan-da, sy\u00fdasy geple\u015fikler, parlamentara we s\u00f6wda-ykdysady hyzmatda\u015flygy, medeni-ynsanperwer gatna\u015fyklary i\u015fje\u0148le\u015fdirmek bo\u00fdun\u00e7a hem-de ma\u00fda go\u00fdum taslamalaryny\u0148 we iki \u00fdurdu\u0148 arasyndaky s\u00f6wda ylala\u015fyklary\u0148 durmu\u015fa ge\u00e7irili\u015fi bilen bagly \u00ab\u00ddol kartalary\u00bb barada pikir aly\u015fdylar. Taraplar t\u00fcrkmen-\u00f6zbek gatna\u015fyklaryny mundan be\u00fdl\u00e4k hem \u00f6sd\u00fcrm\u00e4ge g\u00f6n\u00fckdirilen i\u015fje\u0148 geple\u015fikleri dowam etdirmek hakynda &nbsp;ylala\u015fdylar.<\/p>\n","protected":false},"excerpt":{"rendered":"<p>28-nji i\u00fdulda T\u00fcrkmenistany\u0148 DIM-de T\u00fcrkmenistany\u0148 Ministrler Kabinetini\u0148 Ba\u015flygyny\u0148 Orunbasary, Da\u015fary i\u015fler ministri Ra\u015fid Meredowy\u0148 \u00d6zbegistan Respublikasyny\u0148 T\u00fcrkmenistandaky Il\u00e7isi Akmaljon Ku\u00e7karow bilen du\u015fu\u015fygy ge\u00e7irildi. Du\u015fu\u015fygy\u0148 dowamynda diplomatlar T\u00fcrkmenistany\u0148 Prezidenti Serdar Berdimuhamedowy\u0148 2022-nji \u00fdyly\u0148 14-15-nji i\u00fduly aralygynda \u00d6zbegistan Respublikasyna amala a\u015fyran d\u00f6wlet saparyny\u0148 \u00e7\u00e4ginde i\u0148 \u00fdokary derejede gazanylan ylala\u015fyklary\u0148 durmu\u015fa ge\u00e7irili\u015fi we gol \u00e7ekilen resminamalary\u0148 \u00fderine \u00fdetirili\u015fi [&hellip;]<\/p>\n","protected":false},"author":2,"featured_media":61786,"comment_status":"open","ping_status":"closed","sticky":false,"template":"","format":"standard","meta":{"footnotes":""},"categories":[3],"tags":[],"acf":[],"_links":{"self":[{"href":"https:\/\/zamanturkmenistan.com.tm\/index.php?rest_route=\/wp\/v2\/posts\/61785"}],"collection":[{"href":"https:\/\/zamanturkmenistan.com.tm\/index.php?rest_route=\/wp\/v2\/posts"}],"about":[{"href":"https:\/\/zamanturkmenistan.com.tm\/index.php?rest_route=\/wp\/v2\/types\/post"}],"author":[{"embeddable":true,"href":"https:\/\/zamanturkmenistan.com.tm\/index.php?rest_route=\/wp\/v2\/users\/2"}],"replies":[{"embeddable":true,"href":"https:\/\/zamanturkmenistan.com.tm\/index.php?rest_route=%2Fwp%2Fv2%2Fcomments&post=61785"}],"version-history":[{"count":1,"href":"https:\/\/zamanturkmenistan.com.tm\/index.php?rest_route=\/wp\/v2\/posts\/61785\/revisions"}],"predecessor-version":[{"id":61787,"href":"https:\/\/zamanturkmenistan.com.tm\/index.php?rest_route=\/wp\/v2\/posts\/61785\/revisions\/61787"}],"wp:featuredmedia":[{"embeddable":true,"href":"https:\/\/zamanturkmenistan.com.tm\/index.php?rest_route=\/wp\/v2\/media\/61786"}],"wp:attachment":[{"href":"https:\/\/zamanturkmenistan.com.tm\/index.php?rest_route=%2Fwp%2Fv2%2Fmedia&parent=61785"}],"wp:term":[{"taxonomy":"category","embeddable":true,"href":"https:\/\/zamanturkmenistan.com.tm\/index.php?rest_route=%2Fwp%2Fv2%2Fcategories&post=61785"},{"taxonomy":"post_tag","embeddable":true,"href":"https:\/\/zamanturkmenistan.com.tm\/index.php?rest_route=%2Fwp%2Fv2%2Ftags&post=61785"}],"curies":[{"name":"wp","href":"https:\/\/api.w.org\/{rel}","templated":true}]}}