{"id":62242,"date":"2022-08-11T11:25:28","date_gmt":"2022-08-11T06:25:28","guid":{"rendered":"https:\/\/zamanturkmenistan.com.tm\/?p=62242"},"modified":"2022-08-20T10:42:19","modified_gmt":"2022-08-20T05:42:19","slug":"real-madridin-uefa-daky-5-nji-super-kubogy","status":"publish","type":"post","link":"https:\/\/zamanturkmenistan.com.tm\/?p=62242","title":{"rendered":"\u201cReal Madridi\u0148\u201d UEFA-daky 5-nji Super Kubogy"},"content":{"rendered":"\n<p>UEFA \u00c7empionlar Ligasyny\u0148 \u00e7empiony bilen UEFA \u00ddewropa Ligasyny\u0148 \u00fde\u0148ijisini\u0148 arasynda ge\u00e7iril\u00fd\u00e4n UEFA Super Kubogy du\u015fu\u015fygynda Ispani\u00fdany\u0148 \u201cReal Madrid\u201d topary \u00fde\u0148i\u015f gazandy. Finl\u00fdandi\u00fdany\u0148 pa\u00fdtagty Helsinkid\u00e4ki Olimpi\u00fda stadionynda o\u00fdnalan du\u015fu\u015fykda \u201cReal Madrid\u201d topary Germani\u00fdany\u0148 \u201cA\u00fdntraht\u201d toparyndan 2-0 \u00fcst\u00fcn \u00e7ykdy. Madridlilere \u00fde\u0148i\u015f getiren gollady 37-nji minutda Dawid Alaba bilen 65-nji minutda Karim Benzema ge\u00e7irdi. \u015ee\u00fdlelikde, \u201cReal Madrid\u201d topary 2002-nji, 2014-nji, 2016-njy, 2017-nji \u00fdyllardan so\u0148 bu kubogy 5-nji gezek e\u00fdelemegi ba\u015fardy. \u201cReal Madrid\u201d bu ugurda Barselona hem-de \u201cMilany\u0148\u201d rekordyna \u015f\u00e4rik boldy.<\/p>\n\n\n\n<p>* 31 042 jank\u00f6\u00fderi\u0148 toma\u015fa eden du\u015fu\u015fygynda Kasemiro o\u00fdnu\u0148 i\u0148 \u00f6kde o\u00fdun\u00e7ysy di\u00fdlip sa\u00fdlandy.<\/p>\n\n\n\n<p>* \u201cRealy\u0148\u201d t\u00e4lim\u00e7isi Karlo An\u00e7elotti 4-nji gezek UEFA Super Kubogyny e\u00fdel\u00e4p, bu ugurda Pep Guardioladan \u00f6\u0148e sa\u00fdlandy.<\/p>\n\n\n\n<p>* Karlo An\u00e7elotti \u201cRealdaky\u201d 8-nji, kar\u00fderasyndaky 24-nji kubogyny gazandy.<\/p>\n\n\n\n<p>* Karim Benzema, Luka Modri\u00e7, Toni Kroos, Dani Karwahal 4-nji gezek UEFA Super Kubogyny gazanyp, Paolo Maldini hem-de Dani Alwes bilen de\u0148le\u015fdi.<\/p>\n\n\n\n<p>* \u201cRealdaky\u201d gollaryny\u0148 sanyny 324-e \u00fdetiren Karim Benzema bu ugurda Rauldan \u00f6\u0148e ge\u00e7ip, Kristiano Ronaldodan so\u0148 madridlileri\u0148 i\u0148 k\u00f6p gol ge\u00e7iren 2-nji futbol\u00e7ysy boldy.<\/p>\n\n\n\n<p>* 47-nji gezek ge\u00e7irilen UEFA Super Kubogy du\u015fu\u015fygynda \u00c7empionlar Ligasyny\u0148 \u00fde\u0148ijileri 27-nji gezek kubogy e\u00fdelemegi ba\u015fardy.<\/p>\n\n\n\n<p>* \u015eu wagta \u00e7enli 12 \u00fdurdu\u0148 wekilini\u0148 gazanan bu kubogyny ispan klublary 16-njy sapar e\u00fdel\u00e4p, ep-esli arany a\u00e7dy (ital\u00fdan we i\u0148lis klublary 9 gezek).<\/p>\n\n\n\n<p>\u00abReal Madrid\u00bb: Kurtua; Karwahal (R\u00fcdiger 85), Eder Militao, Alaba, Mendi; Modri\u00e7 (Rodrigo 67), Kazemiro, Kroos (T\u00e7uameni 85); Walwerde (Kamawinga 76), Benzema, Winisius Junior (Seballos 85)<\/p>\n\n\n\n<p>\u00abA\u00fdntraht\u00bb: Trapp; Ture (Alario 70), Tuta, Ndika; Knauff, Sow, Rode (G\u00fdotse 58), Lens; Kamada, Borre, Lindstrom (Kolo Muani 58)<\/p>\n","protected":false},"excerpt":{"rendered":"<p>UEFA \u00c7empionlar Ligasyny\u0148 \u00e7empiony bilen UEFA \u00ddewropa Ligasyny\u0148 \u00fde\u0148ijisini\u0148 arasynda ge\u00e7iril\u00fd\u00e4n UEFA Super Kubogy du\u015fu\u015fygynda Ispani\u00fdany\u0148 \u201cReal Madrid\u201d topary \u00fde\u0148i\u015f gazandy. Finl\u00fdandi\u00fdany\u0148 pa\u00fdtagty Helsinkid\u00e4ki Olimpi\u00fda stadionynda o\u00fdnalan du\u015fu\u015fykda \u201cReal Madrid\u201d topary Germani\u00fdany\u0148 \u201cA\u00fdntraht\u201d toparyndan 2-0 \u00fcst\u00fcn \u00e7ykdy. Madridlilere \u00fde\u0148i\u015f getiren gollady 37-nji minutda Dawid Alaba bilen 65-nji minutda Karim Benzema ge\u00e7irdi. \u015ee\u00fdlelikde, \u201cReal Madrid\u201d topary [&hellip;]<\/p>\n","protected":false},"author":2,"featured_media":62243,"comment_status":"open","ping_status":"closed","sticky":false,"template":"","format":"standard","meta":{"footnotes":""},"categories":[302,3,13],"tags":[2005,716,2535,738,1098,695,737,1546],"acf":[],"_links":{"self":[{"href":"https:\/\/zamanturkmenistan.com.tm\/index.php?rest_route=\/wp\/v2\/posts\/62242"}],"collection":[{"href":"https:\/\/zamanturkmenistan.com.tm\/index.php?rest_route=\/wp\/v2\/posts"}],"about":[{"href":"https:\/\/zamanturkmenistan.com.tm\/index.php?rest_route=\/wp\/v2\/types\/post"}],"author":[{"embeddable":true,"href":"https:\/\/zamanturkmenistan.com.tm\/index.php?rest_route=\/wp\/v2\/users\/2"}],"replies":[{"embeddable":true,"href":"https:\/\/zamanturkmenistan.com.tm\/index.php?rest_route=%2Fwp%2Fv2%2Fcomments&post=62242"}],"version-history":[{"count":1,"href":"https:\/\/zamanturkmenistan.com.tm\/index.php?rest_route=\/wp\/v2\/posts\/62242\/revisions"}],"predecessor-version":[{"id":62244,"href":"https:\/\/zamanturkmenistan.com.tm\/index.php?rest_route=\/wp\/v2\/posts\/62242\/revisions\/62244"}],"wp:featuredmedia":[{"embeddable":true,"href":"https:\/\/zamanturkmenistan.com.tm\/index.php?rest_route=\/wp\/v2\/media\/62243"}],"wp:attachment":[{"href":"https:\/\/zamanturkmenistan.com.tm\/index.php?rest_route=%2Fwp%2Fv2%2Fmedia&parent=62242"}],"wp:term":[{"taxonomy":"category","embeddable":true,"href":"https:\/\/zamanturkmenistan.com.tm\/index.php?rest_route=%2Fwp%2Fv2%2Fcategories&post=62242"},{"taxonomy":"post_tag","embeddable":true,"href":"https:\/\/zamanturkmenistan.com.tm\/index.php?rest_route=%2Fwp%2Fv2%2Ftags&post=62242"}],"curies":[{"name":"wp","href":"https:\/\/api.w.org\/{rel}","templated":true}]}}