{"id":62330,"date":"2022-08-13T14:32:11","date_gmt":"2022-08-13T09:32:11","guid":{"rendered":"https:\/\/zamanturkmenistan.com.tm\/?p=62330"},"modified":"2022-08-20T10:42:19","modified_gmt":"2022-08-20T05:42:19","slug":"messi-17-yyldan-son-sanawda-yok-ronaldo-yzly-yzyna-18-nji-gezek-dalasgar","status":"publish","type":"post","link":"https:\/\/zamanturkmenistan.com.tm\/?p=62330","title":{"rendered":"Messi 17 \u00fdyldan so\u0148 sanawda \u00fdok, Ronaldo yzly-yzyna 18-nji gezek dala\u015fg\u00e4r"},"content":{"rendered":"\n<p>\u201cFrance Football\u201d \u017eurnaly tarapyndan beril\u00fd\u00e4n d\u00fcn\u00fd\u00e4ni\u0148 i\u0148 abra\u00fdly ba\u00fdragy hasaplan\u00fdan \u201cAltyn top\u201d (Ballon d\u2019Or) ba\u00fdragyny\u0148 bu \u00fdylky dala\u015fg\u00e4rleri m\u00e4lim edildi. Sanawa hemi\u015fekiler \u00fdaly 30 futbol\u00e7y sa\u00fdlandy. \u015eol 30 futbol\u00e7yny\u0148 arasyndaky ba\u00fdragy i\u0148 k\u00f6p e\u00fdel\u00e4n (7), ba\u00fdragy\u0148 so\u0148ky e\u00fdesi Lionel Messini\u0148 ady \u00fdok. \u015ee\u00fdlelikde, PS\u017d-ni\u0148 argentinaly super \u00fdyldyzy 2005-nji \u00fdyldan b\u00e4ri, \u00fdagny 17 \u00fdyldan so\u0148 ilkinji gezek \u201cAltyn top\u201d ba\u00fdragyna dala\u015fg\u00e4r g\u00f6rkezilmedi. Dala\u015fg\u00e4r g\u00f6rkezilen futbol\u00e7ylary\u0148 uzyn sanawyna \u201cReal Madrid\u201d, \u201cMan\u00e7ester Siti\u201d hem-de \u201cLiwerpul\u201d toparlaryny\u0148 hersinden h\u00e4zirki wagtda \u00e7yky\u015f ed\u00fd\u00e4n \u00a06 o\u00fdun\u00e7y alyndy. Ba\u00fdragy\u0148 5 gezek e\u00fdesi, \u201cMan\u00e7ester \u00dduna\u00fdtedi\u0148\u201d portugali\u00fdaly super \u00fdyldyzy Kristiano Ronaldo hem dala\u015fg\u00e4rlige h\u00f6d\u00fcrlendi. Ol bassyr 18-nji gezek \u201cAltyn top\u201d ba\u00fdragyny\u0148 dala\u015fg\u00e4rlerini\u0148 uzyn sanawyna \u00f6z adyny \u00fdazdyrmagy ba\u015fardy. Ba\u00fdragy Karim Benzemany\u0148 almagyna gara\u015fyl\u00fdar. \u201cAltyn top\u201d 2022 ba\u00fdragyny\u0148 \u00fde\u0148ijisi \u015fu \u00fdyly\u0148 17-nji okt\u00fdabrynda ge\u00e7iriljek dabarada m\u00e4lim ediler. \u00a0<\/p>\n\n\n\n<figure class=\"wp-block-image size-large\"><img decoding=\"async\" loading=\"lazy\" width=\"1024\" height=\"576\" src=\"https:\/\/zamanturkmenistan.com.tm\/wp-content\/uploads\/2022\/08\/messi-1024x576.jpg\" alt=\"\" class=\"wp-image-62332\" srcset=\"https:\/\/zamanturkmenistan.com.tm\/wp-content\/uploads\/2022\/08\/messi-1024x576.jpg 1024w, https:\/\/zamanturkmenistan.com.tm\/wp-content\/uploads\/2022\/08\/messi-300x169.jpg 300w, https:\/\/zamanturkmenistan.com.tm\/wp-content\/uploads\/2022\/08\/messi-768x432.jpg 768w, https:\/\/zamanturkmenistan.com.tm\/wp-content\/uploads\/2022\/08\/messi-696x392.jpg 696w, https:\/\/zamanturkmenistan.com.tm\/wp-content\/uploads\/2022\/08\/messi-1068x601.jpg 1068w, https:\/\/zamanturkmenistan.com.tm\/wp-content\/uploads\/2022\/08\/messi-747x420.jpg 747w, https:\/\/zamanturkmenistan.com.tm\/wp-content\/uploads\/2022\/08\/messi.jpg 1280w\" sizes=\"(max-width: 1024px) 100vw, 1024px\" \/><figcaption>17 gezek dala\u015fg\u00e4r g\u00f6rkezilen Messi \u015folary\u0148 7-sinde ba\u00fdragy e\u00fdelemegi ba\u015fardy.<\/figcaption><\/figure>\n\n\n\n<p><strong>\u201cAltyn top\u201d ba\u00fdragyny\u0148 \u015fu \u00fdylky dala\u015fg\u00e4rleri: <\/strong><\/p>\n\n\n\n<p>Trent Aleksander-Arnold (\u201cLiwerpul\u201d, Angli\u00fda)<\/p>\n\n\n\n<p>Winisius Junior (\u201cReal Madrid\u201d, Brazili\u00fda)<\/p>\n\n\n\n<p>Bernardo Silwa (\u201cMan\u00e7ester Siti\u201d, Portugali\u00fda)<\/p>\n\n\n\n<p>Rafael Leao (\u201cMilan\u201d, Portugali\u00fda),<\/p>\n\n\n\n<p>Sado Mane (\u201cBawari\u00fda\u201d\/\u201cLiwerpul\u201d, Senegal)<\/p>\n\n\n\n<p>Kristofer Nkunku (\u201cLeipsig\u201d, Fransi\u00fda)<\/p>\n\n\n\n<p>Mohamed Salah (\u201cLiwerpul\u201d, M\u00fcs\u00fcr)<\/p>\n\n\n\n<p>Fabino (\u201cLiwerpul\u201d, Brazili\u00fda)<\/p>\n\n\n\n<p>Tibo Kurtua (\u201cReal Madrid\u201d, Belgi\u00fda)\u2028<\/p>\n\n\n\n<p>\u00ddozua Kimmih (\u201cBawari\u00fda\u201d, Germani\u00fda)<\/p>\n\n\n\n<p>Karim Benzema (\u201cReal Madrid\u201d, Fransi\u00fda)<\/p>\n\n\n\n<p>Filip Foden (\u201cMan\u00e7ester Siti\u201d, Angli\u00fda)<\/p>\n\n\n\n<p>Harri Ke\u00fdn (\u201cTottenhem\u201d, Angli\u00fda)<\/p>\n\n\n\n<p>Son Hyn Min (\u201cTottenhem\u201d, G\u00fcnorta Kore\u00fda)<\/p>\n\n\n\n<p>Ma\u00fdk Men\u00fdan (\u201cMilan\u201d, Fransi\u00fda)<\/p>\n\n\n\n<p>Kewin de Bru\u00fdne (\u201cMan\u00e7ester Siti\u201d, Belgi\u00fda)<\/p>\n\n\n\n<p>Sebastian Haller (\u201cBorussi\u00fda D\u201d\/\u201cA\u00fdaks\u201d, Kot-d\u2032Iwuar)<\/p>\n\n\n\n<p>Luka Modri\u00e7 (\u201cReal Madrid\u201d, Horwati\u00fda)<\/p>\n\n\n\n<p>Kristiano Ronaldo (\u201cMan\u00e7ester \u00dduna\u00fdted\u201d, Portugali\u00fda)<\/p>\n\n\n\n<p>Antonio R\u00fcdiger (\u201cReal Madrid\u201d\/\u201c\u00c7elsi\u201d, Germani\u00fda)<\/p>\n\n\n\n<p>\u017doao Kanselo (\u201cMan\u00e7ester Siti\u201d, Portugali\u00fda)<\/p>\n\n\n\n<p>Erling Holann (\u201cMan\u00e7ester Siti\u201d\/\u201cBorussi\u00fda D\u201d, Norwegi\u00fda)<\/p>\n\n\n\n<p>Darwin Nun\u00fdes (\u201cLiwerpul\u201d, Urugwa\u00fd)<\/p>\n\n\n\n<p>Luis Dias (\u201cLiwerpul\u201d, Kolumbi\u00fda)<\/p>\n\n\n\n<p>Robert Lewandowski (\u201cBarselona\u201d\/\u201cBawari\u00fda\u201d, Pol\u015fa)<\/p>\n\n\n\n<p>Ri\u00fdad Mahrez (\u201cMan\u00e7ester Siti\u201d, Al\u017eir)<\/p>\n\n\n\n<p>Kilian Mbappe (PS\u017d, Fransi\u00fda)<\/p>\n\n\n\n<p>Wirjil wan De\u00fdk (\u201cLiwerpul\u201d, Niderlandlar)<\/p>\n\n\n\n<p>Du\u015fan Wlahowi\u00e7 (\u201c\u00dduwentus\u201d, Serbi\u00fda)<\/p>\n\n\n\n<p>Kazemiro (\u201cReal Madrid\u201d, Brazili\u00fda)<\/p>\n","protected":false},"excerpt":{"rendered":"<p>\u201cFrance Football\u201d \u017eurnaly tarapyndan beril\u00fd\u00e4n d\u00fcn\u00fd\u00e4ni\u0148 i\u0148 abra\u00fdly ba\u00fdragy hasaplan\u00fdan \u201cAltyn top\u201d (Ballon d\u2019Or) ba\u00fdragyny\u0148 bu \u00fdylky dala\u015fg\u00e4rleri m\u00e4lim edildi. Sanawa hemi\u015fekiler \u00fdaly 30 futbol\u00e7y sa\u00fdlandy. \u015eol 30 futbol\u00e7yny\u0148 arasyndaky ba\u00fdragy i\u0148 k\u00f6p e\u00fdel\u00e4n (7), ba\u00fdragy\u0148 so\u0148ky e\u00fdesi Lionel Messini\u0148 ady \u00fdok. \u015ee\u00fdlelikde, PS\u017d-ni\u0148 argentinaly super \u00fdyldyzy 2005-nji \u00fdyldan b\u00e4ri, \u00fdagny 17 \u00fdyldan so\u0148 ilkinji [&hellip;]<\/p>\n","protected":false},"author":2,"featured_media":62331,"comment_status":"open","ping_status":"closed","sticky":false,"template":"","format":"standard","meta":{"footnotes":""},"categories":[302,13],"tags":[2059,1571,2596,738,680,718],"_links":{"self":[{"href":"https:\/\/zamanturkmenistan.com.tm\/index.php?rest_route=\/wp\/v2\/posts\/62330"}],"collection":[{"href":"https:\/\/zamanturkmenistan.com.tm\/index.php?rest_route=\/wp\/v2\/posts"}],"about":[{"href":"https:\/\/zamanturkmenistan.com.tm\/index.php?rest_route=\/wp\/v2\/types\/post"}],"author":[{"embeddable":true,"href":"https:\/\/zamanturkmenistan.com.tm\/index.php?rest_route=\/wp\/v2\/users\/2"}],"replies":[{"embeddable":true,"href":"https:\/\/zamanturkmenistan.com.tm\/index.php?rest_route=%2Fwp%2Fv2%2Fcomments&post=62330"}],"version-history":[{"count":1,"href":"https:\/\/zamanturkmenistan.com.tm\/index.php?rest_route=\/wp\/v2\/posts\/62330\/revisions"}],"predecessor-version":[{"id":62333,"href":"https:\/\/zamanturkmenistan.com.tm\/index.php?rest_route=\/wp\/v2\/posts\/62330\/revisions\/62333"}],"wp:featuredmedia":[{"embeddable":true,"href":"https:\/\/zamanturkmenistan.com.tm\/index.php?rest_route=\/wp\/v2\/media\/62331"}],"wp:attachment":[{"href":"https:\/\/zamanturkmenistan.com.tm\/index.php?rest_route=%2Fwp%2Fv2%2Fmedia&parent=62330"}],"wp:term":[{"taxonomy":"category","embeddable":true,"href":"https:\/\/zamanturkmenistan.com.tm\/index.php?rest_route=%2Fwp%2Fv2%2Fcategories&post=62330"},{"taxonomy":"post_tag","embeddable":true,"href":"https:\/\/zamanturkmenistan.com.tm\/index.php?rest_route=%2Fwp%2Fv2%2Ftags&post=62330"}],"curies":[{"name":"wp","href":"https:\/\/api.w.org\/{rel}","templated":true}]}}