{"id":62608,"date":"2022-08-23T17:21:27","date_gmt":"2022-08-23T12:21:27","guid":{"rendered":"https:\/\/zamanturkmenistan.com.tm\/?p=62608"},"modified":"2022-08-23T17:21:28","modified_gmt":"2022-08-23T12:21:28","slug":"saylawlarda-senata-dalas-eder","status":"publish","type":"post","link":"https:\/\/zamanturkmenistan.com.tm\/?p=62608","title":{"rendered":"Sa\u00fd\u00adlaw\u00adlar\u00adda Se\u00adna\u00adta da\u00adla\u015f eder"},"content":{"rendered":"\n<p>Ita\u00adli\u00ad\u00fda\u00adny\u0148 \u00f6\u0148\u00adki prem\u00ad\u00fder-mi\u00adnist\u00adri Sil\u00adwio Ber\u00adlus\u00adko\u00adni 25-nji sent\u00ad\u00fdabr\u00adda ge\u00ad\u00e7i\u00adril\u00adjek sa\u00fd\u00adlaw\u00adlar\u00adda par\u00adla\u00admen\u00adti\u0148 \u00fdo\u00adkar\u00adky pa\u00adla\u00adta\u00adsy\u00adna (Se\u00adna\u00adta) da\u00adla\u015f et\u00adjek\u00addi\u00adgi\u00adni ha\u00adbar ber\u00addi. 85 \u00fda\u015f\u00adly sy\u00ad\u00fda\u00adsat\u00ad\u00e7y \u017eur\u00adna\u00adlist\u00adler bi\u00adlen s\u00f6h\u00adbet\u00adde\u015f\u00adlik\u00adde: \u2013 Se\u00adna\u00adta da\u00adla\u015f\u00adg\u00e4r\u00adli\u00adgi\u00admi h\u00f6\u00add\u00fcr\u00adle\u00admek\u00ad\u00e7i, ne\u00adti\u00adje\u00adde, \u201c\u00d6\u0148e, Ita\u00adli\u00ad\u00fda!\u201d par\u00adti\u00ad\u00fda\u00adsy\u00adny\u0148 ag\u00adza\u00adla\u00adry\u00adny\u0148 we be\u00fd\u00adle\u00adki\u00adle\u00adri\u0148 tu\u00adtan\u00ad\u00fder\u00adli ha\u00ad\u00fdy\u015f\u00adla\u00adryn\u00addan so\u0148 hem\u00adm\u00e4\u00adni ka\u00adna\u00adgat\u00adlan\u00addyr\u00adma\u00adgy mak\u00adsat edin\u00addim \u2013 di\u00ad\u00fdip, bel\u00adle\u00addi.<br>Ber\u00adlus\u00adko\u00adni, \u201cLi\u00adga\u201d we \u201cIta\u00adli\u00ad\u00fda\u00adny\u0148 do\u00adgan\u00adla\u00adry\u201d bi\u00adlen bi\u00adle\u00adlik\u00adde mer\u00adke\u00adzi sag\u00ad\u00e7y koa\u00adli\u00adsi\u00ad\u00fda\u00adny\u0148 bir b\u00f6\u00adle\u00adgi bo\u00adlan \u201c\u00d6\u0148e, Ita\u00adli\u00ad\u00fda!\u201d par\u00adti\u00ad\u00fda\u00adsy\u00adny\u0148 he\u00admi\u00ad\u015fe\u00adlik li\u00adde\u00adri bo\u00adlup dur\u00ad\u00fdar. Bi\u00adler\u00admen\u00adler bu koa\u00adli\u00adsi\u00ad\u00fda\u00adny\u0148 pi\u00adkir so\u00adra\u00adly\u00ad\u015fyk ge\u00ad\u00e7i\u00adri\u00adlen ha\u00adla\u00adtyn\u00adda \u00f6\u0148\u00adde\u00adli\u00adgi e\u00fde\u00adle\u00adjek\u00addi\u00adgi\u00adne ynan\u00ad\u00fdar\u00adlar. 21-nji i\u00fdul\u00adda Ita\u00adli\u00ad\u00fda\u00adny\u0148 Prem\u00ad\u00fder-mi\u00adnist\u00adri Ma\u00adrio Dra\u00adgi \u00f6z h\u00f6\u00adk\u00fc\u00adme\u00adti\u00adni gol\u00adda\u00ad\u00fdan uly bi\u00adle\u00adle\u00ad\u015fi\u00adgi\u0148 \u00f6z i\u015fi\u00adni bes eden\u00adden so\u0148, i\u015fin\u00adden \u00e7e\u00adkil\u00addi. Pre\u00adzi\u00addent Ser\u00adjo Mat\u00adta\u00adrel\u00adla par\u00adla\u00admen\u00adti \u00fda\u00adtyr\u00addy we 25-nji sent\u00ad\u00fdabr\u00adda no\u00adbat\u00addan da\u00ad\u015fa\u00adry sa\u00fd\u00adlaw\u00adla\u00adry ge\u00ad\u00e7ir\u00adm\u00e4\u00adge \u00e7a\u00adgyr\u00addy. Syn\u00ad\u00e7y\u00adla\u00adry\u0148 k\u00f6\u00adp\u00fc\u00adsi Ber\u00adlus\u00adko\u00adni\u00adni\u0148 mun\u00addan \u00f6\u0148 bo\u00adlup ge\u00ad\u00e7en kyn\u00ad\u00e7y\u00adlyk\u00adlar\u00adda a\u00fd\u00adgyt\u00adly rol o\u00fd\u00adnan\u00addy\u00adgy\u00adny bel\u00adle\u00ad\u00fd\u00e4r\u00adler.<br>\u00ddew\u00adro\u00adpa par\u00adla\u00admen\u00adti\u00adni\u0148 we\u00adki\u00adli bo\u00adlan Sil\u00adwio Ber\u00adlus\u00adko\u00adni 2013-nji \u00fdyl\u00adda Se\u00adnat\u00addan \u00e7y\u00adkyp\u00addy. \u00ab\u00d6\u0148e, Ita\u00adli\u00ad\u00fda!\u00bb par\u00adti\u00ad\u00fda\u00adsy\u00adny\u0148 esas\u00adlan\u00addy\u00adry\u00adjy\u00adsy d\u00f6rt ge\u00adzek prem\u00ad\u00fder-mi\u00adnistr bo\u00adlup i\u015f\u00adle\u00addi \u2013 1994-1995, 2001-2005, 2005-2006, 2008-2011. Bu Ita\u00adli\u00ad\u00fda\u00adny\u0148 sy\u00ad\u00fda\u00adsa\u00adty \u00fc\u00e7in re\u00adkord\u00addyr.<br>Mer\u00adke\u00adzi sag\u00ad\u00e7y koa\u00adli\u00adsi\u00ad\u00fda\u00adny\u0148 i\u00e7in\u00adde bir d\u00fcz\u00adg\u00fcn d\u00f6\u00adre\u00addi\u00adlip, prem\u00ad\u00fder-mi\u00adnist\u00adri\u0148 da\u00adla\u015f\u00adg\u00e4r\u00adli\u00adgi i\u0148 k\u00f6p ses alan par\u00adti\u00ad\u00fda ta\u00adra\u00adpyn\u00addan h\u00f6\u00add\u00fcr\u00adlen\u00ad\u00fd\u00e4r. H\u00e4\u00adzir \u201cIta\u00adli\u00ad\u00fda\u00adny\u0148 do\u00adgan\u00adla\u00adry\u201d par\u00adti\u00ad\u00fda\u00adsy\u00adny\u0148 \u00fdurt\u00adda uly ab\u00adra\u00ad\u00fda e\u00fde\u00addi\u00adgi bel\u00adle\u00adnip, onu\u0148 li\u00adde\u00adri Jorj Me\u00adlo\u00adni\u00adni\u0148 Ita\u00adli\u00ad\u00fda h\u00f6\u00adk\u00fc\u00adme\u00adti\u00adne \u00fdol\u00adba\u015f\u00ad\u00e7y\u00adlyk et\u00adjek il\u00adkin\u00adji ze\u00adnan bo\u00adlup bil\u00adjek\u00addi\u00adgi tas\u00adsyk\u00adlan\u00ad\u00fdar.<\/p>\n","protected":false},"excerpt":{"rendered":"<p>Ita\u00adli\u00ad\u00fda\u00adny\u0148 \u00f6\u0148\u00adki prem\u00ad\u00fder-mi\u00adnist\u00adri Sil\u00adwio Ber\u00adlus\u00adko\u00adni 25-nji sent\u00ad\u00fdabr\u00adda ge\u00ad\u00e7i\u00adril\u00adjek sa\u00fd\u00adlaw\u00adlar\u00adda par\u00adla\u00admen\u00adti\u0148 \u00fdo\u00adkar\u00adky pa\u00adla\u00adta\u00adsy\u00adna (Se\u00adna\u00adta) da\u00adla\u015f et\u00adjek\u00addi\u00adgi\u00adni ha\u00adbar ber\u00addi. 85 \u00fda\u015f\u00adly sy\u00ad\u00fda\u00adsat\u00ad\u00e7y \u017eur\u00adna\u00adlist\u00adler bi\u00adlen s\u00f6h\u00adbet\u00adde\u015f\u00adlik\u00adde: \u2013 Se\u00adna\u00adta da\u00adla\u015f\u00adg\u00e4r\u00adli\u00adgi\u00admi h\u00f6\u00add\u00fcr\u00adle\u00admek\u00ad\u00e7i, ne\u00adti\u00adje\u00adde, \u201c\u00d6\u0148e, Ita\u00adli\u00ad\u00fda!\u201d par\u00adti\u00ad\u00fda\u00adsy\u00adny\u0148 ag\u00adza\u00adla\u00adry\u00adny\u0148 we be\u00fd\u00adle\u00adki\u00adle\u00adri\u0148 tu\u00adtan\u00ad\u00fder\u00adli ha\u00ad\u00fdy\u015f\u00adla\u00adryn\u00addan so\u0148 hem\u00adm\u00e4\u00adni ka\u00adna\u00adgat\u00adlan\u00addyr\u00adma\u00adgy mak\u00adsat edin\u00addim \u2013 di\u00ad\u00fdip, bel\u00adle\u00addi.Ber\u00adlus\u00adko\u00adni, \u201cLi\u00adga\u201d we \u201cIta\u00adli\u00ad\u00fda\u00adny\u0148 do\u00adgan\u00adla\u00adry\u201d bi\u00adlen bi\u00adle\u00adlik\u00adde mer\u00adke\u00adzi sag\u00ad\u00e7y koa\u00adli\u00adsi\u00ad\u00fda\u00adny\u0148 bir b\u00f6\u00adle\u00adgi [&hellip;]<\/p>\n","protected":false},"author":2,"featured_media":62609,"comment_status":"open","ping_status":"closed","sticky":false,"template":"","format":"standard","meta":{"footnotes":""},"categories":[5],"tags":[],"acf":[],"_links":{"self":[{"href":"https:\/\/zamanturkmenistan.com.tm\/index.php?rest_route=\/wp\/v2\/posts\/62608"}],"collection":[{"href":"https:\/\/zamanturkmenistan.com.tm\/index.php?rest_route=\/wp\/v2\/posts"}],"about":[{"href":"https:\/\/zamanturkmenistan.com.tm\/index.php?rest_route=\/wp\/v2\/types\/post"}],"author":[{"embeddable":true,"href":"https:\/\/zamanturkmenistan.com.tm\/index.php?rest_route=\/wp\/v2\/users\/2"}],"replies":[{"embeddable":true,"href":"https:\/\/zamanturkmenistan.com.tm\/index.php?rest_route=%2Fwp%2Fv2%2Fcomments&post=62608"}],"version-history":[{"count":1,"href":"https:\/\/zamanturkmenistan.com.tm\/index.php?rest_route=\/wp\/v2\/posts\/62608\/revisions"}],"predecessor-version":[{"id":62610,"href":"https:\/\/zamanturkmenistan.com.tm\/index.php?rest_route=\/wp\/v2\/posts\/62608\/revisions\/62610"}],"wp:featuredmedia":[{"embeddable":true,"href":"https:\/\/zamanturkmenistan.com.tm\/index.php?rest_route=\/wp\/v2\/media\/62609"}],"wp:attachment":[{"href":"https:\/\/zamanturkmenistan.com.tm\/index.php?rest_route=%2Fwp%2Fv2%2Fmedia&parent=62608"}],"wp:term":[{"taxonomy":"category","embeddable":true,"href":"https:\/\/zamanturkmenistan.com.tm\/index.php?rest_route=%2Fwp%2Fv2%2Fcategories&post=62608"},{"taxonomy":"post_tag","embeddable":true,"href":"https:\/\/zamanturkmenistan.com.tm\/index.php?rest_route=%2Fwp%2Fv2%2Ftags&post=62608"}],"curies":[{"name":"wp","href":"https:\/\/api.w.org\/{rel}","templated":true}]}}