{"id":62858,"date":"2022-08-28T17:21:21","date_gmt":"2022-08-28T12:21:21","guid":{"rendered":"https:\/\/zamanturkmenistan.com.tm\/?p=62858"},"modified":"2022-08-28T17:21:21","modified_gmt":"2022-08-28T12:21:21","slug":"yanlan-diyarym-telebaslesiginin-jemleyji-tapgyry-gecirildi-2","status":"publish","type":"post","link":"https:\/\/zamanturkmenistan.com.tm\/?p=62858","title":{"rendered":"\u00ab\u00dda\u0148lan, Di\u00fdarym!\u00bb teleb\u00e4sle\u015figini\u0148 jemle\u00fdji tapgyry ge\u00e7irildi"},"content":{"rendered":"\n<p>27-nji awgustda pa\u00fdtagtymyzy\u0148 \u00abA\u015fgabat\u00bb a\u00fddym-saz merkezinde h\u00f6wesje\u0148 \u00fda\u015f a\u00fddym\u00e7ylary\u0148 \u00ab\u00dda\u0148lan, Di\u00fdarym!\u00bb teleb\u00e4sle\u015figini\u0148 jemle\u00fdji tapgyry ge\u00e7irildi.<\/p>\n\n\n\n<p>Emin agzalaryny\u0148 \u00f6\u0148\u00fcnde gowusyndan gowusyny sa\u00fdlamak \u00fdaly \u00e7yl\u015fyrymly wezipe durdy. Netijede, \u00fda\u015f a\u00fddym\u00e7ylary\u0148 12-si \u2013 8 oglan we 4 gyz \u00ab\u00dda\u0148lan, Di\u00fdarym!\u00bb teleb\u00e4sle\u015figini\u0148 jemle\u00fdji tapgyryna hem-de gala konserte gatna\u015fmaga hukuk gazandylar. \u015eanly sene mynasybetli b\u00e4sle\u015figi\u0148 netijelerini\u0148 jemlenmegine we gala konserte ge\u00e7en \u00fdyllary\u0148 \u015fe\u00fdle g\u00f6zden ge\u00e7iri\u015flerini\u0148 \u00fde\u0148ijileri-de \u00e7agyryldy. \u00dda\u015f zehinleri\u0148 \u00fderine \u00fdetirmeginde halk a\u00fddym-sazlary, ata Watanymyza, t\u00e4ze taryhy e\u00fd\u00fdamy\u0148 be\u00fdik i\u015flerine, m\u00e4hriban topragymyzy\u0148 g\u00f6zelligine we s\u00f6\u00fdg\u00e4 bagy\u015flanan h\u00e4zirki zaman a\u00fddym-saz eserleri t\u00fc\u00fds \u00fd\u00fcrekden hem-de t\u00e4sirli \u00fda\u0148landy. K\u00e4bir \u00fderine \u00fdetirijiler nusgawy \u015fahyrlary\u0148 s\u00f6zlerine aja\u00fdyp t\u00fcrkmen kompozitorlaryny\u0148 d\u00f6reden a\u00fddymlaryny sa\u00fdlapdyrlar.<\/p>\n\n\n\n<p>Jemle\u00fdji d\u00f6redijilik b\u00e4sle\u015figini\u0148 tolgundyryjy b\u00f6legi onu\u0148 netijelerini\u0148 jemlenilmegidir hem-de \u00fde\u0148ijileri\u0148 yglan edilmegidir.<\/p>\n\n\n\n<p>Toma\u015fa\u00e7ylary\u0148 jo\u015fgunly el \u00e7arpy\u015fmagynda \u00fde\u0148ijileri\u0148 altysyny\u0148 atlary yglan edilip, olar \u00fd\u00f6rite diplomlar hem-de T\u00fcrkmenistany\u0148 Prezidentini\u0148 adyndan altyn zynjyr bilen sylaglanyldylar. Jemle\u00fdji tapgyra gatna\u015fyjylary\u0148 \u00e4hlisine \u00fdadyg\u00e4rlik sowgatlary hem gow\u015furyldy.<\/p>\n\n\n\n<p><strong><em>\u00dde\u0148ijiler yglan edildi<\/em><\/strong><\/p>\n\n\n\n<p>Halky\u0148 Arkadagly zamanasy\u00bb \u00fdylynda ge\u00e7irilen \u00ab\u00dda\u0148lan, Di\u00fdarym!\u00bb teleb\u00e4sle\u015figinde \u00fcst\u00fcnlikli \u00e7yky\u015f edip, \u00f6zlerini\u0148 \u00fderine \u00fdetirijiligi bilen a\u00fdratyn tapawutlanan a\u00fddym\u00e7ylary sylaglamak maksady bilen, T\u00fcrkmenistany\u0148 Prezidenti Karara gol \u00e7ekdi. Resminama la\u00fdyklykda, \u00fdurdumyzy\u0148 \u015fu ra\u00fdatlary \u00ab\u00dda\u0148lan, Di\u00fdarym!\u00bb teleb\u00e4sle\u015figini\u0148 \u00fde\u0148ijileri di\u00fdlip yglan edildi we her bir \u00fde\u0148iji T\u00fcrkmenistany\u0148 Prezidentini\u0148 altyn zynjyry bilen sylaglanyldy:<\/p>\n\n\n\n<p>T\u00fcrkmenistany\u0148 Telekommunikasi\u00fdalar we informatika institutyny\u0148 talyby G\u00f6zel Akmyradowna Nurberdi\u00fdewa;<\/p>\n\n\n\n<p>\u00abT\u00fcrkmenhaly\u00bb d\u00f6wlet birle\u015figini\u0148 B\u00e4herden \u00e7eper haly\u00e7ylyk k\u00e4rhanasyny\u0148 Kelete \u00fcl\u00fc\u015fini\u0148 \u00f6\u00fdde\u00e7i haly\u00e7ysy \u00ddag\u015fyg\u00fcl Gurbananna\u00fdewna Muhammedowa;<\/p>\n\n\n\n<p>\u00abT\u00fcrkmennebit\u00f6n\u00fcmleri\u00bb ba\u015f m\u00fcdirligini\u0148 Balkanabat nebit \u00f6n\u00fcmleri k\u00e4rhanasyny\u0148 mehaniki abatla\u00fdy\u015f sehini\u0148 ba\u015flygy Durdy Annam\u00e4mmedowi\u00e7 Anna\u00fdew;<\/p>\n\n\n\n<p>T\u00fcrkmen d\u00f6wlet ykdysady\u00fdet we dolandyry\u015f institutyny\u0148 talyby Batyr B\u00e4\u015fim ogly Aga\u00fdew;<\/p>\n\n\n\n<p>Lebap wela\u00fdat medeni\u00fdet m\u00fcdirligini\u0148 Hala\u00e7 etrap medeni\u00fdet b\u00f6l\u00fcmini\u0148 Akgala ge\u0148e\u015fligind\u00e4ki Akgala oba medeni\u00fdet \u00f6\u00fd\u00fcni\u0148 tans go\u00fdujysy B\u00e4\u015fim Meretguly ogly Anna\u00fdew;<\/p>\n\n\n\n<p>T\u00fcrkmen d\u00f6wlet medeni\u00fdet we sungat mekdebini\u0148 talyby To\u00fdly Rahmedowi\u00e7 Juma\u00fdew.<\/p>\n","protected":false},"excerpt":{"rendered":"<p>27-nji awgustda pa\u00fdtagtymyzy\u0148 \u00abA\u015fgabat\u00bb a\u00fddym-saz merkezinde h\u00f6wesje\u0148 \u00fda\u015f a\u00fddym\u00e7ylary\u0148 \u00ab\u00dda\u0148lan, Di\u00fdarym!\u00bb teleb\u00e4sle\u015figini\u0148 jemle\u00fdji tapgyry ge\u00e7irildi. Emin agzalaryny\u0148 \u00f6\u0148\u00fcnde gowusyndan gowusyny sa\u00fdlamak \u00fdaly \u00e7yl\u015fyrymly wezipe durdy. Netijede, \u00fda\u015f a\u00fddym\u00e7ylary\u0148 12-si \u2013 8 oglan we 4 gyz \u00ab\u00dda\u0148lan, Di\u00fdarym!\u00bb teleb\u00e4sle\u015figini\u0148 jemle\u00fdji tapgyryna hem-de gala konserte gatna\u015fmaga hukuk gazandylar. \u015eanly sene mynasybetli b\u00e4sle\u015figi\u0148 netijelerini\u0148 jemlenmegine we gala konserte [&hellip;]<\/p>\n","protected":false},"author":2,"featured_media":62859,"comment_status":"open","ping_status":"closed","sticky":false,"template":"","format":"standard","meta":{"footnotes":""},"categories":[3],"tags":[],"acf":[],"_links":{"self":[{"href":"https:\/\/zamanturkmenistan.com.tm\/index.php?rest_route=\/wp\/v2\/posts\/62858"}],"collection":[{"href":"https:\/\/zamanturkmenistan.com.tm\/index.php?rest_route=\/wp\/v2\/posts"}],"about":[{"href":"https:\/\/zamanturkmenistan.com.tm\/index.php?rest_route=\/wp\/v2\/types\/post"}],"author":[{"embeddable":true,"href":"https:\/\/zamanturkmenistan.com.tm\/index.php?rest_route=\/wp\/v2\/users\/2"}],"replies":[{"embeddable":true,"href":"https:\/\/zamanturkmenistan.com.tm\/index.php?rest_route=%2Fwp%2Fv2%2Fcomments&post=62858"}],"version-history":[{"count":1,"href":"https:\/\/zamanturkmenistan.com.tm\/index.php?rest_route=\/wp\/v2\/posts\/62858\/revisions"}],"predecessor-version":[{"id":62860,"href":"https:\/\/zamanturkmenistan.com.tm\/index.php?rest_route=\/wp\/v2\/posts\/62858\/revisions\/62860"}],"wp:featuredmedia":[{"embeddable":true,"href":"https:\/\/zamanturkmenistan.com.tm\/index.php?rest_route=\/wp\/v2\/media\/62859"}],"wp:attachment":[{"href":"https:\/\/zamanturkmenistan.com.tm\/index.php?rest_route=%2Fwp%2Fv2%2Fmedia&parent=62858"}],"wp:term":[{"taxonomy":"category","embeddable":true,"href":"https:\/\/zamanturkmenistan.com.tm\/index.php?rest_route=%2Fwp%2Fv2%2Fcategories&post=62858"},{"taxonomy":"post_tag","embeddable":true,"href":"https:\/\/zamanturkmenistan.com.tm\/index.php?rest_route=%2Fwp%2Fv2%2Ftags&post=62858"}],"curies":[{"name":"wp","href":"https:\/\/api.w.org\/{rel}","templated":true}]}}