{"id":62861,"date":"2022-08-28T17:24:50","date_gmt":"2022-08-28T12:24:50","guid":{"rendered":"https:\/\/zamanturkmenistan.com.tm\/?p=62861"},"modified":"2022-08-28T17:24:50","modified_gmt":"2022-08-28T12:24:50","slug":"awazada-150-munden-gowrak-adam-dync-aldy","status":"publish","type":"post","link":"https:\/\/zamanturkmenistan.com.tm\/?p=62861","title":{"rendered":"Awazada 150 m\u00fc\u0148den gowrak adam dyn\u00e7 aldy"},"content":{"rendered":"\n<p>\u015eu \u00fdyl tomusky dyn\u00e7 aly\u015f m\u00f6ws\u00fcminde \u00abAwaza\u00bb milli sy\u00fdahat\u00e7ylyk zolagynda 150 m\u00fc\u0148den gowrak adam dyn\u00e7 aldy. Bu barada 27-nji awgustda T\u00fcrkmenistany\u0148 Milli Ge\u0148e\u015fini\u0148 Halk Maslahatyny\u0148 Ba\u015flygy Gurbanguly Berdimuhamedowy\u0148 Awazada alnyp baryl\u00fdan i\u015fler bilen tany\u015flygyny\u0148 bar\u015fynda habar berildi.<\/p>\n\n\n\n<p>Gahryman Arkadagymyz hormatly Prezidentimiz Serdar Berdimuhamedowy\u0148 tab\u015fyrygy bo\u00fdun\u00e7a \u00abAwaza\u00bb milli sy\u00fdahat\u00e7ylyk zolagynda bolmagyny\u0148 \u00e7\u00e4klerinde bu \u00fderde hereket ed\u00fd\u00e4n d\u00fcz\u00fcmleri\u0148 dolandyry\u015f we hojalyk i\u015flerine zerur \u00fcns berilmelidigini, munu\u0148 h\u00e4zirki d\u00f6wr\u00fc\u0148 m\u00f6h\u00fcm talaby bolup dur\u00fdandygyny a\u00fdratyn belledi. Hususan-da, de\u0148zi\u0148 kenarynda dyn\u00e7 al\u00fdanlar \u00fc\u00e7in h\u00e4zirki zaman y\u015fyklandyry\u015f ulgamyny\u0148, sanly tehnologi\u00fdalary\u0148 m\u00fcmkin\u00e7iliklerinden pe\u00fddalanyp, \u015f\u00fcwele\u0148li \u00e7yky\u015flar guralmalydyr.<\/p>\n\n\n\n<p>Milli Ge\u0148e\u015fi\u0148 Halk Maslahatyny\u0148 Ba\u015flygy Awazany\u0148 myhmanlaryna h\u00f6d\u00fcrlenil\u00fd\u00e4n hyzmatlary\u0148 g\u00f6rn\u00fc\u015flerini\u0148 artdyrylmalydygyny, hilini\u0148 \u00fdokarlandyrylmalydygyny nygtap, dyn\u00e7 aly\u015f d\u00fcz\u00fcmlerini\u0148, myhmanhanalaryny\u0148 arasynda degi\u015fli b\u00e4sle\u015figi guramagy\u0148 we onu\u0148 netijeleri bo\u00fdun\u00e7a \u00fde\u0148ijileri h\u00f6weslendirmegi\u0148 maksadala\u00fdyk boljakdygyny belledi.<\/p>\n","protected":false},"excerpt":{"rendered":"<p>\u015eu \u00fdyl tomusky dyn\u00e7 aly\u015f m\u00f6ws\u00fcminde \u00abAwaza\u00bb milli sy\u00fdahat\u00e7ylyk zolagynda 150 m\u00fc\u0148den gowrak adam dyn\u00e7 aldy. Bu barada 27-nji awgustda T\u00fcrkmenistany\u0148 Milli Ge\u0148e\u015fini\u0148 Halk Maslahatyny\u0148 Ba\u015flygy Gurbanguly Berdimuhamedowy\u0148 Awazada alnyp baryl\u00fdan i\u015fler bilen tany\u015flygyny\u0148 bar\u015fynda habar berildi. Gahryman Arkadagymyz hormatly Prezidentimiz Serdar Berdimuhamedowy\u0148 tab\u015fyrygy bo\u00fdun\u00e7a \u00abAwaza\u00bb milli sy\u00fdahat\u00e7ylyk zolagynda bolmagyny\u0148 \u00e7\u00e4klerinde bu \u00fderde hereket ed\u00fd\u00e4n [&hellip;]<\/p>\n","protected":false},"author":2,"featured_media":61919,"comment_status":"open","ping_status":"closed","sticky":false,"template":"","format":"standard","meta":{"footnotes":""},"categories":[3],"tags":[],"acf":[],"_links":{"self":[{"href":"https:\/\/zamanturkmenistan.com.tm\/index.php?rest_route=\/wp\/v2\/posts\/62861"}],"collection":[{"href":"https:\/\/zamanturkmenistan.com.tm\/index.php?rest_route=\/wp\/v2\/posts"}],"about":[{"href":"https:\/\/zamanturkmenistan.com.tm\/index.php?rest_route=\/wp\/v2\/types\/post"}],"author":[{"embeddable":true,"href":"https:\/\/zamanturkmenistan.com.tm\/index.php?rest_route=\/wp\/v2\/users\/2"}],"replies":[{"embeddable":true,"href":"https:\/\/zamanturkmenistan.com.tm\/index.php?rest_route=%2Fwp%2Fv2%2Fcomments&post=62861"}],"version-history":[{"count":1,"href":"https:\/\/zamanturkmenistan.com.tm\/index.php?rest_route=\/wp\/v2\/posts\/62861\/revisions"}],"predecessor-version":[{"id":62863,"href":"https:\/\/zamanturkmenistan.com.tm\/index.php?rest_route=\/wp\/v2\/posts\/62861\/revisions\/62863"}],"wp:featuredmedia":[{"embeddable":true,"href":"https:\/\/zamanturkmenistan.com.tm\/index.php?rest_route=\/wp\/v2\/media\/61919"}],"wp:attachment":[{"href":"https:\/\/zamanturkmenistan.com.tm\/index.php?rest_route=%2Fwp%2Fv2%2Fmedia&parent=62861"}],"wp:term":[{"taxonomy":"category","embeddable":true,"href":"https:\/\/zamanturkmenistan.com.tm\/index.php?rest_route=%2Fwp%2Fv2%2Fcategories&post=62861"},{"taxonomy":"post_tag","embeddable":true,"href":"https:\/\/zamanturkmenistan.com.tm\/index.php?rest_route=%2Fwp%2Fv2%2Ftags&post=62861"}],"curies":[{"name":"wp","href":"https:\/\/api.w.org\/{rel}","templated":true}]}}