{"id":62897,"date":"2022-08-29T15:19:19","date_gmt":"2022-08-29T10:19:19","guid":{"rendered":"https:\/\/zamanturkmenistan.com.tm\/?p=62897"},"modified":"2022-08-29T15:19:19","modified_gmt":"2022-08-29T10:19:19","slug":"dunayyn-suwy-peseldi","status":"publish","type":"post","link":"https:\/\/zamanturkmenistan.com.tm\/?p=62897","title":{"rendered":"Du\u00adna\u00ad\u00fdy\u0148 su\u00adwy pe\u00adsel\u00addi"},"content":{"rendered":"\n<p>Duna\u00fd der\u00fdasyny\u0148 suwy so\u0148ky gezek 80 \u00fdyl mundan ozal hasaba alnan derej\u00e4 \u00e7enli azaldy. \u00d6l\u00e7e\u00fdi\u015f 23-nji awgustda Bolgari\u00fdany\u0148 Ruse \u015f\u00e4herini\u0148 gola\u00fdynda ge\u00e7irildi. Der\u00fdany\u0148 derejesi \u201cnol\u201d belliginden 72 santimetr peseldi. Ol \u00f6\u0148, takmynan, 80 \u00fdyl mundan ozal \u015fe\u00fdle g\u00fc\u00fd\u00e7li peselipdi. \u00ddewropada, Azi\u00fdada we Amerikada hem a\u015fa yssy we guraklyk seb\u00e4pli der\u00fdadyr k\u00f6lleri\u0148 suwy peselipdi.<\/p>\n","protected":false},"excerpt":{"rendered":"<p>Duna\u00fd der\u00fdasyny\u0148 suwy so\u0148ky gezek 80 \u00fdyl mundan ozal hasaba alnan derej\u00e4 \u00e7enli azaldy. \u00d6l\u00e7e\u00fdi\u015f 23-nji awgustda Bolgari\u00fdany\u0148 Ruse \u015f\u00e4herini\u0148 gola\u00fdynda ge\u00e7irildi. Der\u00fdany\u0148 derejesi \u201cnol\u201d belliginden 72 santimetr peseldi. Ol \u00f6\u0148, takmynan, 80 \u00fdyl mundan ozal \u015fe\u00fdle g\u00fc\u00fd\u00e7li peselipdi. \u00ddewropada, Azi\u00fdada we Amerikada hem a\u015fa yssy we guraklyk seb\u00e4pli der\u00fdadyr k\u00f6lleri\u0148 suwy peselipdi.<\/p>\n","protected":false},"author":2,"featured_media":62898,"comment_status":"open","ping_status":"closed","sticky":false,"template":"","format":"standard","meta":{"footnotes":""},"categories":[5],"tags":[],"acf":[],"_links":{"self":[{"href":"https:\/\/zamanturkmenistan.com.tm\/index.php?rest_route=\/wp\/v2\/posts\/62897"}],"collection":[{"href":"https:\/\/zamanturkmenistan.com.tm\/index.php?rest_route=\/wp\/v2\/posts"}],"about":[{"href":"https:\/\/zamanturkmenistan.com.tm\/index.php?rest_route=\/wp\/v2\/types\/post"}],"author":[{"embeddable":true,"href":"https:\/\/zamanturkmenistan.com.tm\/index.php?rest_route=\/wp\/v2\/users\/2"}],"replies":[{"embeddable":true,"href":"https:\/\/zamanturkmenistan.com.tm\/index.php?rest_route=%2Fwp%2Fv2%2Fcomments&post=62897"}],"version-history":[{"count":1,"href":"https:\/\/zamanturkmenistan.com.tm\/index.php?rest_route=\/wp\/v2\/posts\/62897\/revisions"}],"predecessor-version":[{"id":62899,"href":"https:\/\/zamanturkmenistan.com.tm\/index.php?rest_route=\/wp\/v2\/posts\/62897\/revisions\/62899"}],"wp:featuredmedia":[{"embeddable":true,"href":"https:\/\/zamanturkmenistan.com.tm\/index.php?rest_route=\/wp\/v2\/media\/62898"}],"wp:attachment":[{"href":"https:\/\/zamanturkmenistan.com.tm\/index.php?rest_route=%2Fwp%2Fv2%2Fmedia&parent=62897"}],"wp:term":[{"taxonomy":"category","embeddable":true,"href":"https:\/\/zamanturkmenistan.com.tm\/index.php?rest_route=%2Fwp%2Fv2%2Fcategories&post=62897"},{"taxonomy":"post_tag","embeddable":true,"href":"https:\/\/zamanturkmenistan.com.tm\/index.php?rest_route=%2Fwp%2Fv2%2Ftags&post=62897"}],"curies":[{"name":"wp","href":"https:\/\/api.w.org\/{rel}","templated":true}]}}