{"id":62913,"date":"2022-08-29T17:23:55","date_gmt":"2022-08-29T12:23:55","guid":{"rendered":"https:\/\/zamanturkmenistan.com.tm\/?p=62913"},"modified":"2022-08-29T17:23:56","modified_gmt":"2022-08-29T12:23:56","slug":"alzir-bilen-fransiya-hyzmatdaslygy-dikeldyar","status":"publish","type":"post","link":"https:\/\/zamanturkmenistan.com.tm\/?p=62913","title":{"rendered":"Al\u017eir bilen Fransi\u00fda hyzmatda\u015flygy dikeld\u00fd\u00e4r"},"content":{"rendered":"\n<p>Al\u017eir we Fransi\u00fda hyzmatda\u015flygyny t\u00e4zeden dowam etdirmek barada bilelikd\u00e4ki jarnama gol \u00e7ekdi. Bu resminama Al\u017eiri\u0148 halkara howa menzilinde ge\u00e7irilen dabarada Al\u017eiri\u0148 Prezidenti Abdelmajid Tebbun we bu \u00fdurda resmi sapar bilen gelen Fransi\u00fdany\u0148 Prezidenti Emmanuel Makron tarapyndan gol \u00e7ekildi.<\/p>\n\n\n\n<p>\u00c7\u00e4r\u00e4ni\u0148 dowamynda Abdelmajid Tebbun fransuz k\u00e4rde\u015fini\u0148 \u00fc\u00e7 g\u00fcnl\u00fck saparyny\u0148 \u201cikitarapla\u00fdyn gatna\u015fyklar \u00fc\u00e7in juda zerurdygyny we pe\u00fddalydygyny\u201d belledi.<\/p>\n\n\n\n<p>Iki \u00fdurdu\u0148 Prezidentleri \u00fdokary bilim we ylmy barlaglar bo\u00fdun\u00e7a &#8220;hemi\u015felik hyzmatda\u015flygy&#8221; \u00fdola go\u00fdmak baradaky h\u00f6k\u00fcmetara \u015fertnamasyna go\u015fma\u00e7a, derman, ylmy-barlag, sport we be\u00fdleki ugurlar bo\u00fdun\u00e7a hyzmatda\u015flyk barada b\u00e4\u015f \u015fertnama gol \u00e7ekdiler. \u015ee\u00fdle hem, taraplar Al\u017eir 1962-nji \u00fdyla \u00e7enli \u00f6z gara\u015fsyzlygyna e\u00fde bol\u00fdan\u00e7a iki \u00fdurdu\u0148 taryhy ge\u00e7mi\u015fini \u00fdatlamak bilen baglany\u015fykly meseleleri \u00e7\u00f6zmek \u00fc\u00e7in taryh\u00e7ylary\u0148 bilelikd\u00e4ki toparyny d\u00f6retmek barada ylala\u015fdylar. Emmanuel Makrony\u0148 bu saparynda iki d\u00f6wleti\u0148 arasyndaky hyzmatda\u015flygy berkitmek maksat edinil\u00fd\u00e4r.<\/p>\n","protected":false},"excerpt":{"rendered":"<p>Al\u017eir we Fransi\u00fda hyzmatda\u015flygyny t\u00e4zeden dowam etdirmek barada bilelikd\u00e4ki jarnama gol \u00e7ekdi. Bu resminama Al\u017eiri\u0148 halkara howa menzilinde ge\u00e7irilen dabarada Al\u017eiri\u0148 Prezidenti Abdelmajid Tebbun we bu \u00fdurda resmi sapar bilen gelen Fransi\u00fdany\u0148 Prezidenti Emmanuel Makron tarapyndan gol \u00e7ekildi. \u00c7\u00e4r\u00e4ni\u0148 dowamynda Abdelmajid Tebbun fransuz k\u00e4rde\u015fini\u0148 \u00fc\u00e7 g\u00fcnl\u00fck saparyny\u0148 \u201cikitarapla\u00fdyn gatna\u015fyklar \u00fc\u00e7in juda zerurdygyny we pe\u00fddalydygyny\u201d belledi. [&hellip;]<\/p>\n","protected":false},"author":2,"featured_media":62914,"comment_status":"open","ping_status":"closed","sticky":false,"template":"","format":"standard","meta":{"footnotes":""},"categories":[5],"tags":[],"acf":[],"_links":{"self":[{"href":"https:\/\/zamanturkmenistan.com.tm\/index.php?rest_route=\/wp\/v2\/posts\/62913"}],"collection":[{"href":"https:\/\/zamanturkmenistan.com.tm\/index.php?rest_route=\/wp\/v2\/posts"}],"about":[{"href":"https:\/\/zamanturkmenistan.com.tm\/index.php?rest_route=\/wp\/v2\/types\/post"}],"author":[{"embeddable":true,"href":"https:\/\/zamanturkmenistan.com.tm\/index.php?rest_route=\/wp\/v2\/users\/2"}],"replies":[{"embeddable":true,"href":"https:\/\/zamanturkmenistan.com.tm\/index.php?rest_route=%2Fwp%2Fv2%2Fcomments&post=62913"}],"version-history":[{"count":1,"href":"https:\/\/zamanturkmenistan.com.tm\/index.php?rest_route=\/wp\/v2\/posts\/62913\/revisions"}],"predecessor-version":[{"id":62915,"href":"https:\/\/zamanturkmenistan.com.tm\/index.php?rest_route=\/wp\/v2\/posts\/62913\/revisions\/62915"}],"wp:featuredmedia":[{"embeddable":true,"href":"https:\/\/zamanturkmenistan.com.tm\/index.php?rest_route=\/wp\/v2\/media\/62914"}],"wp:attachment":[{"href":"https:\/\/zamanturkmenistan.com.tm\/index.php?rest_route=%2Fwp%2Fv2%2Fmedia&parent=62913"}],"wp:term":[{"taxonomy":"category","embeddable":true,"href":"https:\/\/zamanturkmenistan.com.tm\/index.php?rest_route=%2Fwp%2Fv2%2Fcategories&post=62913"},{"taxonomy":"post_tag","embeddable":true,"href":"https:\/\/zamanturkmenistan.com.tm\/index.php?rest_route=%2Fwp%2Fv2%2Ftags&post=62913"}],"curies":[{"name":"wp","href":"https:\/\/api.w.org\/{rel}","templated":true}]}}