{"id":62944,"date":"2022-08-30T12:03:05","date_gmt":"2022-08-30T07:03:05","guid":{"rendered":"https:\/\/zamanturkmenistan.com.tm\/?p=62944"},"modified":"2022-08-30T12:03:06","modified_gmt":"2022-08-30T07:03:06","slug":"yasyl-gazna-esaslandyrylar","status":"publish","type":"post","link":"https:\/\/zamanturkmenistan.com.tm\/?p=62944","title":{"rendered":"\u201c\u00dda\u015fyl\u201d gazna esaslandyrylar"},"content":{"rendered":"\n<p>Fransi\u00fdany\u0148 Prem\u00fder-ministri Elizabet Born \u00fdurdu\u0148 da\u015fky gur\u015faw \u00f6zgeri\u015flerini \u00e7altla\u015fdyrmak maksady bilen 1,5 milliard \u00fdewro (1,5 milliard dollar) m\u00f6\u00e7berind\u00e4ki \u00fda\u015fyl gaznany\u0148 d\u00f6redil\u00fd\u00e4ndigini habar berdi.<\/p>\n\n\n\n<p>Fransi\u00fdany\u0148 Prem\u00fder-ministri \u201cLe Parisien\u201d gazetine beren interw\u00fdusynda \u201c\u00fda\u015fyl\u201d gaznany\u0148 seri\u015fdelerini\u0148 \u201c\u00fdylady\u015fhana gazlaryny\u0148 zy\u0148yndylaryny azaltmak we howany\u0148 \u00fc\u00fdtgemegine u\u00fdgunla\u015fmak bo\u00fdun\u00e7a \u00e7\u00f6zg\u00fctleri orna\u015fdyrmak\u201d maksady bilen \u00fderli h\u00e4kimi\u00fdetlere b\u00f6l\u00fcnip beriljekdigini a\u00fdtdy.<\/p>\n\n\n\n<p>Onu\u0148 s\u00f6zlerine g\u00f6r\u00e4, \u00fdakyn wagtda energi\u00fda me\u00fdilnamasy we da\u015fky gur\u015fawy me\u00fdille\u015fdirmek bo\u00fdun\u00e7a uzak m\u00f6hletle\u00fdin hereket me\u00fdilnamasy h\u00f6d\u00fcrlener.<\/p>\n\n\n\n<p>\u2013 Ekologi\u00fda ge\u00e7i\u015fini \u00e7altla\u015fdyrmak \u00fc\u00e7in bu me\u00fdilnama bilen durmu\u015fymyzy\u0148 \u00e4hli ugurlarynda hereket edip,&nbsp; gurlu\u015fyk, transport, senagat, oba hojalygy, suw \u00e4ti\u00fda\u00e7lyklaryny\u0148 dolandyryly\u015fy \u00fdaly ugurlarda uly i\u015fleri berja\u00fd eder \u2013 di\u00fdip, Elizabet Born belledi.<\/p>\n\n\n\n<p>\u2013 Howany\u0148 \u00fc\u00fdtge\u00fd\u00e4ndigi hakykat. Bizi\u0148 her birimiz ony \u015fu tomusda ba\u015fdan ge\u00e7irdik. \u015eonu\u0148 \u00fc\u00e7in u\u00fdgunla\u015fmak \u00fc\u00e7in tiz hereket etmeli. Bizi\u0148 fransuzlara hakykaty a\u00fdtmagymyz m\u00f6h\u00fcmdir \u2013 di\u00fdip, Prem\u00fder-ministr belledi.<\/p>\n","protected":false},"excerpt":{"rendered":"<p>Fransi\u00fdany\u0148 Prem\u00fder-ministri Elizabet Born \u00fdurdu\u0148 da\u015fky gur\u015faw \u00f6zgeri\u015flerini \u00e7altla\u015fdyrmak maksady bilen 1,5 milliard \u00fdewro (1,5 milliard dollar) m\u00f6\u00e7berind\u00e4ki \u00fda\u015fyl gaznany\u0148 d\u00f6redil\u00fd\u00e4ndigini habar berdi. Fransi\u00fdany\u0148 Prem\u00fder-ministri \u201cLe Parisien\u201d gazetine beren interw\u00fdusynda \u201c\u00fda\u015fyl\u201d gaznany\u0148 seri\u015fdelerini\u0148 \u201c\u00fdylady\u015fhana gazlaryny\u0148 zy\u0148yndylaryny azaltmak we howany\u0148 \u00fc\u00fdtgemegine u\u00fdgunla\u015fmak bo\u00fdun\u00e7a \u00e7\u00f6zg\u00fctleri orna\u015fdyrmak\u201d maksady bilen \u00fderli h\u00e4kimi\u00fdetlere b\u00f6l\u00fcnip beriljekdigini a\u00fdtdy. Onu\u0148 s\u00f6zlerine g\u00f6r\u00e4, \u00fdakyn [&hellip;]<\/p>\n","protected":false},"author":2,"featured_media":62945,"comment_status":"open","ping_status":"closed","sticky":false,"template":"","format":"standard","meta":{"footnotes":""},"categories":[5],"tags":[],"acf":[],"_links":{"self":[{"href":"https:\/\/zamanturkmenistan.com.tm\/index.php?rest_route=\/wp\/v2\/posts\/62944"}],"collection":[{"href":"https:\/\/zamanturkmenistan.com.tm\/index.php?rest_route=\/wp\/v2\/posts"}],"about":[{"href":"https:\/\/zamanturkmenistan.com.tm\/index.php?rest_route=\/wp\/v2\/types\/post"}],"author":[{"embeddable":true,"href":"https:\/\/zamanturkmenistan.com.tm\/index.php?rest_route=\/wp\/v2\/users\/2"}],"replies":[{"embeddable":true,"href":"https:\/\/zamanturkmenistan.com.tm\/index.php?rest_route=%2Fwp%2Fv2%2Fcomments&post=62944"}],"version-history":[{"count":1,"href":"https:\/\/zamanturkmenistan.com.tm\/index.php?rest_route=\/wp\/v2\/posts\/62944\/revisions"}],"predecessor-version":[{"id":62946,"href":"https:\/\/zamanturkmenistan.com.tm\/index.php?rest_route=\/wp\/v2\/posts\/62944\/revisions\/62946"}],"wp:featuredmedia":[{"embeddable":true,"href":"https:\/\/zamanturkmenistan.com.tm\/index.php?rest_route=\/wp\/v2\/media\/62945"}],"wp:attachment":[{"href":"https:\/\/zamanturkmenistan.com.tm\/index.php?rest_route=%2Fwp%2Fv2%2Fmedia&parent=62944"}],"wp:term":[{"taxonomy":"category","embeddable":true,"href":"https:\/\/zamanturkmenistan.com.tm\/index.php?rest_route=%2Fwp%2Fv2%2Fcategories&post=62944"},{"taxonomy":"post_tag","embeddable":true,"href":"https:\/\/zamanturkmenistan.com.tm\/index.php?rest_route=%2Fwp%2Fv2%2Ftags&post=62944"}],"curies":[{"name":"wp","href":"https:\/\/api.w.org\/{rel}","templated":true}]}}