{"id":62990,"date":"2022-08-31T10:34:21","date_gmt":"2022-08-31T05:34:21","guid":{"rendered":"https:\/\/zamanturkmenistan.com.tm\/?p=62990"},"modified":"2022-08-31T10:34:21","modified_gmt":"2022-08-31T05:34:21","slug":"turkmenistanyn-prezidenti-malayziyanyn-yolbascylaryny-gutlady","status":"publish","type":"post","link":"https:\/\/zamanturkmenistan.com.tm\/?p=62990","title":{"rendered":"T\u00fcrkmenistany\u0148 Prezidenti Mala\u00fdzi\u00fdany\u0148 \u00fdolba\u015f\u00e7ylaryny gutlady"},"content":{"rendered":"\n<p>Hormatly Prezidentimiz Serdar Berdimuhamedow Mala\u00fdzi\u00fdany\u0148 Prem\u00fder-ministri Ismail Sabri \u00ddakoba, Mala\u00fdzi\u00fdany\u0148 XVI \u00ddokary Ba\u015ftutany Al-Sultan Abdulla Ria\u00fdatuddin Al-Mustafa Billa \u015eah ibn Sultan Hajy Ahmad \u015eah Al-Mustain Billa we \u00fdurdu\u0148 \u00e4hli halkyna Mala\u00fdzi\u00fdany\u0148 Milli g\u00fcn\u00fcni\u0148 \u015fanly 65 \u00fdyllygy mynasybetli m\u00e4hirli gutlaglaryny, i\u0148 gowy arzuwlaryny iberdi.<\/p>\n\n\n\n<p>\u201cT\u00fcrkmenistan bilen Mala\u00fdzi\u00fdany\u0148 arasyndaky sy\u00fdasy, s\u00f6wda-ykdysady, medeni-ynsanperwer we be\u00fdleki ulgamlar bo\u00fdun\u00e7a \u00fdola go\u00fdlan gatna\u015fyklary\u0148 halklarymyzy\u0148 b\u00e4hbidine mundan be\u00fdl\u00e4k-de \u00f6sd\u00fcriljekdigine pugta ynan\u00fdaryn\u201d di\u00fdlip, gutlag hatynda bellenil\u00fd\u00e4r.<\/p>\n\n\n\n<p>D\u00f6wlet Ba\u015ftutanymyz \u015fu \u00fdakymly m\u00fcmkin\u00e7ilikden pe\u00fddalanyp, Mala\u00fdzi\u00fdany\u0148 Prem\u00fder-ministri Ismail Sabri \u00ddakoba we Mala\u00fdzi\u00fdany\u0148 XVI \u00ddokary Ba\u015ftutany Al-Sultan Abdulla Ria\u00fdatuddin Al-Mustafa Billa \u015eah ibn Sultan Hajy Ahmad \u015eah Al-Mustain Billa t\u00fc\u00fds \u00fd\u00fcrekden berk jan saglyk, bagty\u00fdarlyk, abadan\u00e7ylyk, Mala\u00fdzi\u00fdany\u0148 dostlukly halkyna bolsa parahat\u00e7ylyk, mundan be\u00fdl\u00e4k-de \u00f6s\u00fc\u015f, rowa\u00e7lyk arzuw etdi.<\/p>\n","protected":false},"excerpt":{"rendered":"<p>Hormatly Prezidentimiz Serdar Berdimuhamedow Mala\u00fdzi\u00fdany\u0148 Prem\u00fder-ministri Ismail Sabri \u00ddakoba, Mala\u00fdzi\u00fdany\u0148 XVI \u00ddokary Ba\u015ftutany Al-Sultan Abdulla Ria\u00fdatuddin Al-Mustafa Billa \u015eah ibn Sultan Hajy Ahmad \u015eah Al-Mustain Billa we \u00fdurdu\u0148 \u00e4hli halkyna Mala\u00fdzi\u00fdany\u0148 Milli g\u00fcn\u00fcni\u0148 \u015fanly 65 \u00fdyllygy mynasybetli m\u00e4hirli gutlaglaryny, i\u0148 gowy arzuwlaryny iberdi. \u201cT\u00fcrkmenistan bilen Mala\u00fdzi\u00fdany\u0148 arasyndaky sy\u00fdasy, s\u00f6wda-ykdysady, medeni-ynsanperwer we be\u00fdleki ulgamlar bo\u00fdun\u00e7a \u00fdola [&hellip;]<\/p>\n","protected":false},"author":2,"featured_media":62992,"comment_status":"open","ping_status":"closed","sticky":false,"template":"","format":"standard","meta":{"footnotes":""},"categories":[3],"tags":[],"acf":[],"_links":{"self":[{"href":"https:\/\/zamanturkmenistan.com.tm\/index.php?rest_route=\/wp\/v2\/posts\/62990"}],"collection":[{"href":"https:\/\/zamanturkmenistan.com.tm\/index.php?rest_route=\/wp\/v2\/posts"}],"about":[{"href":"https:\/\/zamanturkmenistan.com.tm\/index.php?rest_route=\/wp\/v2\/types\/post"}],"author":[{"embeddable":true,"href":"https:\/\/zamanturkmenistan.com.tm\/index.php?rest_route=\/wp\/v2\/users\/2"}],"replies":[{"embeddable":true,"href":"https:\/\/zamanturkmenistan.com.tm\/index.php?rest_route=%2Fwp%2Fv2%2Fcomments&post=62990"}],"version-history":[{"count":1,"href":"https:\/\/zamanturkmenistan.com.tm\/index.php?rest_route=\/wp\/v2\/posts\/62990\/revisions"}],"predecessor-version":[{"id":62993,"href":"https:\/\/zamanturkmenistan.com.tm\/index.php?rest_route=\/wp\/v2\/posts\/62990\/revisions\/62993"}],"wp:featuredmedia":[{"embeddable":true,"href":"https:\/\/zamanturkmenistan.com.tm\/index.php?rest_route=\/wp\/v2\/media\/62992"}],"wp:attachment":[{"href":"https:\/\/zamanturkmenistan.com.tm\/index.php?rest_route=%2Fwp%2Fv2%2Fmedia&parent=62990"}],"wp:term":[{"taxonomy":"category","embeddable":true,"href":"https:\/\/zamanturkmenistan.com.tm\/index.php?rest_route=%2Fwp%2Fv2%2Fcategories&post=62990"},{"taxonomy":"post_tag","embeddable":true,"href":"https:\/\/zamanturkmenistan.com.tm\/index.php?rest_route=%2Fwp%2Fv2%2Ftags&post=62990"}],"curies":[{"name":"wp","href":"https:\/\/api.w.org\/{rel}","templated":true}]}}